{"id":1358,"date":"2008-12-18T18:04:00","date_gmt":"2008-12-18T18:04:00","guid":{"rendered":"http:\/\/www.toque-musicall.com\/?p=1358"},"modified":"2008-12-18T18:04:00","modified_gmt":"2008-12-18T18:04:00","slug":"paulinho-andrade-sax-appeal-1991","status":"publish","type":"post","link":"https:\/\/www.toque-musicall.com\/?p=1358","title":{"rendered":"Paulinho Andrade &#8211; Sax Appeal (1991)"},"content":{"rendered":"<p><a href=\"http:\/\/4.bp.blogspot.com\/_DSKVEvHtskc\/SUqRD0loOWI\/AAAAAAAAC-w\/z03gKLrb7Ws\/s1600-h\/Paulinho+F2.jpg\"><img decoding=\"async\" id=\"BLOGGER_PHOTO_ID_5281193007887432034\" style=\"DISPLAY: block; MARGIN: 0px auto 10px; WIDTH: 400px; CURSOR: hand; HEIGHT: 392px; TEXT-ALIGN: center\" alt=\"\" src=\"http:\/\/4.bp.blogspot.com\/_DSKVEvHtskc\/SUqRD0loOWI\/AAAAAAAAC-w\/z03gKLrb7Ws\/s400\/Paulinho+F2.jpg\" border=\"0\" \/><\/a>Na sequ\u00eancia, vou contrastando com a m\u00fasica instrumental, que por acaso tamb\u00e9m vem da Bahia. Desta vez temos o saxofonista Paulinho Andrade em seu primeiro lp lan\u00e7ado pelo Est\u00fadio de Inven\u00e7\u00f5es, um selo que se dedicava \u00e0 m\u00fasica instrumental. Paulinho foi um dos fundadores da Banda Eva, um trabalho mais comercial. Mas seu forte mesmo est\u00e1 no instrumental. Atualmente ele vem se dedicando a carreira solo com o &#8220;Paulinho Andrade Quarteto&#8221;, grupo que o acompanha em diversos shows.<br \/>&#8220;Sax Appeal&#8221; \u00e9 um nome bem sugestivo para este \u00e1lbum de estr\u00e9ia. Um trabalho que revela bem as qualidades desse saxofonista baiano. Ele vem bem amparado por um grupo de instrumentistas que n\u00e3o deixam a peteca cair. O \u00e1lbum ainda conta com a participa\u00e7\u00e3o de Carlinhos Brown.<br \/>Ta\u00ed uma dica de um grande instrumentista, Paulinho Andrade! Confiram&#8230;<\/p>\n<div align=\"center\">oliven\u00e7a<\/div>\n<div align=\"center\">passeio na barra<\/div>\n<div align=\"center\">sax appeal<\/div>\n<div align=\"center\">perif\u00e9rico<\/div>\n<div align=\"center\">canoa quebrada<\/div>\n<div align=\"center\">coisas do brasil<\/div>\n<div align=\"center\">tecno<\/div>\n<div align=\"center\">black trunk<\/div>\n<div align=\"center\"><\/div>\n<div align=\"center\"><\/div>\n<div align=\"center\"> <\/div>\n<div align=\"center\"> <\/div>\n","protected":false},"excerpt":{"rendered":"<p>Na sequ\u00eancia, vou contrastando com a m\u00fasica instrumental, que por acaso tamb\u00e9m vem da Bahia. Desta vez temos o saxofonista Paulinho Andrade em seu primeiro lp lan\u00e7ado pelo Est\u00fadio de Inven\u00e7\u00f5es, um selo que se dedicava \u00e0 m\u00fasica instrumental. Paulinho &hellip; <a href=\"https:\/\/www.toque-musicall.com\/?p=1358\">Continue lendo <span class=\"meta-nav\">&rarr;<\/span><\/a><\/p>\n","protected":false},"author":1,"featured_media":0,"comment_status":"open","ping_status":"closed","sticky":false,"template":"","format":"standard","meta":{"footnotes":""},"categories":[1572],"tags":[],"class_list":["post-1358","post","type-post","status-publish","format-standard","hentry","category-paulinho-andrade"],"_links":{"self":[{"href":"https:\/\/www.toque-musicall.com\/index.php?rest_route=\/wp\/v2\/posts\/1358","targetHints":{"allow":["GET"]}}],"collection":[{"href":"https:\/\/www.toque-musicall.com\/index.php?rest_route=\/wp\/v2\/posts"}],"about":[{"href":"https:\/\/www.toque-musicall.com\/index.php?rest_route=\/wp\/v2\/types\/post"}],"author":[{"embeddable":true,"href":"https:\/\/www.toque-musicall.com\/index.php?rest_route=\/wp\/v2\/users\/1"}],"replies":[{"embeddable":true,"href":"https:\/\/www.toque-musicall.com\/index.php?rest_route=%2Fwp%2Fv2%2Fcomments&post=1358"}],"version-history":[{"count":0,"href":"https:\/\/www.toque-musicall.com\/index.php?rest_route=\/wp\/v2\/posts\/1358\/revisions"}],"wp:attachment":[{"href":"https:\/\/www.toque-musicall.com\/index.php?rest_route=%2Fwp%2Fv2%2Fmedia&parent=1358"}],"wp:term":[{"taxonomy":"category","embeddable":true,"href":"https:\/\/www.toque-musicall.com\/index.php?rest_route=%2Fwp%2Fv2%2Fcategories&post=1358"},{"taxonomy":"post_tag","embeddable":true,"href":"https:\/\/www.toque-musicall.com\/index.php?rest_route=%2Fwp%2Fv2%2Ftags&post=1358"}],"curies":[{"name":"wp","href":"https:\/\/api.w.org\/{rel}","templated":true}]}}