{"id":1359,"date":"2008-12-18T18:01:00","date_gmt":"2008-12-18T18:01:00","guid":{"rendered":"http:\/\/www.toque-musicall.com\/?p=1359"},"modified":"2008-12-18T18:01:00","modified_gmt":"2008-12-18T18:01:00","slug":"ara-ketu-contos-de-benin-1988","status":"publish","type":"post","link":"https:\/\/www.toque-musicall.com\/?p=1359","title":{"rendered":"Ara Ketu &#8211; Contos De Benin (1988)"},"content":{"rendered":"<div align=\"left\"><a href=\"http:\/\/3.bp.blogspot.com\/_DSKVEvHtskc\/SUqQbIQCtfI\/AAAAAAAAC-o\/CaLsJ9-e1EY\/s1600-h\/araketu+F.JPG\"><img decoding=\"async\" id=\"BLOGGER_PHOTO_ID_5281192308790965746\" style=\"DISPLAY: block; MARGIN: 0px auto 10px; WIDTH: 382px; CURSOR: hand; HEIGHT: 400px; TEXT-ALIGN: center\" alt=\"\" src=\"http:\/\/3.bp.blogspot.com\/_DSKVEvHtskc\/SUqQbIQCtfI\/AAAAAAAAC-o\/CaLsJ9-e1EY\/s400\/araketu+F.JPG\" border=\"0\" \/><\/a>Ol\u00e1 meus caros amigos cultos, ocultos e demais visitantes! Como se pode ver ainda estou em ritmo baiano. E hoje, mais uma vez, pretendo postar dois disco. Come\u00e7o por este disco do grupo Ara Ketu que at\u00e9 pouco tempo eu nem conhecia. Confesso, tinha mesmo uma certa resist\u00eancia. <\/div>\n<div align=\"left\">Mas ao ouvir o disco sem id\u00e9ias pr\u00e9-concebidas, descobri um trabalho interessante, singular e contagiante. O grupo surgiu do bloco carnavalesco criado em 1980. Embora eu n\u00e3o conhe\u00e7a os outros discos do Ara Ketu, sei que de grupo virou banda. Mudaram um pouco a trajet\u00f3ria, incluindo instrumentos como teclados e metais. Fizeram muito sucesso e ganharam popularidade. Da\u00ed para o Ax\u00e9 foi um pulo. Contudo, por\u00e9m, todavia&#8230; convido voc\u00eas a ouvirem esse \u00e1lbum que \u00e9 no m\u00ednimo  uma boa curiosidade.<\/div>\n<div align=\"center\"> <\/div>\n<div align=\"center\">contos de benin<\/div>\n<div align=\"center\">sentimento de um povo<\/div>\n<div align=\"center\">crian\u00e7as desabrigadas<\/div>\n<div align=\"center\">ara ketu voz da natureza<\/div>\n<div align=\"center\">can\u00e7\u00e3o do livramento<\/div>\n<div align=\"center\">reino de daom\u00e9<\/div>\n<div align=\"center\">desgosto de m\u00e3e <\/div>\n<div align=\"center\">raiz<\/div>\n<div align=\"center\">musa do ara ketu<\/div>\n<div align=\"center\">povos de daom\u00e9<\/div>\n<div align=\"center\"><\/div>\n<div align=\"center\"><\/div>\n<div align=\"center\"> <\/div>\n<div align=\"center\"> <\/div>\n","protected":false},"excerpt":{"rendered":"<p>Ol\u00e1 meus caros amigos cultos, ocultos e demais visitantes! Como se pode ver ainda estou em ritmo baiano. E hoje, mais uma vez, pretendo postar dois disco. Come\u00e7o por este disco do grupo Ara Ketu que at\u00e9 pouco tempo eu &hellip; <a href=\"https:\/\/www.toque-musicall.com\/?p=1359\">Continue lendo <span class=\"meta-nav\">&rarr;<\/span><\/a><\/p>\n","protected":false},"author":1,"featured_media":0,"comment_status":"open","ping_status":"closed","sticky":false,"template":"","format":"standard","meta":{"footnotes":""},"categories":[1573],"tags":[],"class_list":["post-1359","post","type-post","status-publish","format-standard","hentry","category-ara-ketu"],"_links":{"self":[{"href":"https:\/\/www.toque-musicall.com\/index.php?rest_route=\/wp\/v2\/posts\/1359","targetHints":{"allow":["GET"]}}],"collection":[{"href":"https:\/\/www.toque-musicall.com\/index.php?rest_route=\/wp\/v2\/posts"}],"about":[{"href":"https:\/\/www.toque-musicall.com\/index.php?rest_route=\/wp\/v2\/types\/post"}],"author":[{"embeddable":true,"href":"https:\/\/www.toque-musicall.com\/index.php?rest_route=\/wp\/v2\/users\/1"}],"replies":[{"embeddable":true,"href":"https:\/\/www.toque-musicall.com\/index.php?rest_route=%2Fwp%2Fv2%2Fcomments&post=1359"}],"version-history":[{"count":0,"href":"https:\/\/www.toque-musicall.com\/index.php?rest_route=\/wp\/v2\/posts\/1359\/revisions"}],"wp:attachment":[{"href":"https:\/\/www.toque-musicall.com\/index.php?rest_route=%2Fwp%2Fv2%2Fmedia&parent=1359"}],"wp:term":[{"taxonomy":"category","embeddable":true,"href":"https:\/\/www.toque-musicall.com\/index.php?rest_route=%2Fwp%2Fv2%2Fcategories&post=1359"},{"taxonomy":"post_tag","embeddable":true,"href":"https:\/\/www.toque-musicall.com\/index.php?rest_route=%2Fwp%2Fv2%2Ftags&post=1359"}],"curies":[{"name":"wp","href":"https:\/\/api.w.org\/{rel}","templated":true}]}}