{"id":1360,"date":"2008-12-17T22:20:00","date_gmt":"2008-12-17T22:20:00","guid":{"rendered":"http:\/\/www.toque-musicall.com\/?p=1360"},"modified":"2008-12-17T22:20:00","modified_gmt":"2008-12-17T22:20:00","slug":"tavinho-bonfa-sem-palavras-e-e-tao-perfeito-1988","status":"publish","type":"post","link":"https:\/\/www.toque-musicall.com\/?p=1360","title":{"rendered":"Tavinho Bonf\u00e1 &#8211; Sem Palavras e \u00c9 T\u00e3o Perfeito (1988)"},"content":{"rendered":"<div align=\"left\"><a href=\"http:\/\/1.bp.blogspot.com\/_DSKVEvHtskc\/SUmQIeiMv8I\/AAAAAAAAC-Y\/gbCMLzsIvSY\/s1600-h\/tavinho+bonf%C3%83%C2%A1+P.JPG\"><img decoding=\"async\" id=\"BLOGGER_PHOTO_ID_5280910513378475970\" style=\"DISPLAY: block; MARGIN: 0px auto 10px; WIDTH: 400px; CURSOR: hand; HEIGHT: 400px; TEXT-ALIGN: center\" alt=\"\" src=\"http:\/\/1.bp.blogspot.com\/_DSKVEvHtskc\/SUmQIeiMv8I\/AAAAAAAAC-Y\/gbCMLzsIvSY\/s400\/tavinho+bonf%C3%A1+P.JPG\" border=\"0\" \/><\/a>Ol\u00e1 amigos e amantes da m\u00fasica! Embora meio sem tempo, aqui estou eu para a rodada do dia. Hoje iremos de m\u00fasica instrumental e por um pequeno erro meu, extraordinariamente, teremos n\u00e3o apenas um disco, mas dois em uma s\u00f3 postagem.<br \/>Estou trazendo para voc\u00eas oinstrumentistaa Tavinho Bonf\u00e1, que pelo nome j\u00e1 d\u00e1 para saber que o mo\u00e7o tem algum parentesco com Luiz Bonf\u00e1. Tavinho \u00e9 na verdade sobrinho do violonista, mas \u00e9 tamb\u00e9m conhecido como Ot\u00e1vio Burnier, da dupla Burnier &#038; Cartier.<\/p>\n<p><img decoding=\"async\" id=\"BLOGGER_PHOTO_ID_5280910972126824930\" style=\"DISPLAY: block; MARGIN: 0px auto 10px; WIDTH: 397px; CURSOR: hand; HEIGHT: 400px; TEXT-ALIGN: center\" alt=\"\" src=\"http:\/\/1.bp.blogspot.com\/_DSKVEvHtskc\/SUmQjLgVCeI\/AAAAAAAAC-g\/IqCGv6GQ4Zg\/s400\/tavinho+bonf%C3%A1+P.JPG\" border=\"0\" \/>Os discos que aqui seguem foram lan\u00e7ados no mesmo ano, 1988. S\u00e3o dois \u00e1lbuns de produ\u00e7\u00e3o independente. O primeiro &#8220;Sem Palavras&#8221; \u00e9 um \u00e1lbum totalmente instrumental, gravado no Rio e finalizado em Nova York, com participa\u00e7\u00f5es de m\u00fasicos americanos e brasileiros. Me parece que este disco foi promocional, uma encomenda para uma empresa de cat\u00e1logos telef\u00f4nicos. O outro disco, &#8220;\u00c9 T\u00e3o Perfeito&#8221; segue o mesmo esquema de produ\u00e7\u00e3o do primeiro, s\u00f3 que n\u00e3o \u00e9 instrumental. Pessoalmente, acho esses dois discos medianos, principalmente e se comparado \u00e0 trabalhos anteriores como em dupla com Cartier.<br \/>Como j\u00e1 disse outras vezes, costumo postar n\u00e3o apenas aquilo que gosto, mas tamb\u00e9m aquilo que d\u00e1 gosto. Por isso o Toque Musical \u00e9 assim variado. Um blog para quem escuta m\u00fasica com outros olhos \ud83d\ude09<\/div>\n<div align=\"center\"><\/div>\n<div align=\"center\">\u00c9 T\u00e3o Perfeito<\/div>\n<div align=\"center\">.<\/div>\n<div align=\"center\"><\/div>\n<div align=\"center\">\u00e9 t\u00e3o perfeito<\/div>\n<div align=\"center\">professor de portugu\u00eas no eua<\/div>\n<div align=\"center\">musa<\/div>\n<div align=\"center\">perto de voc\u00ea<\/div>\n<div align=\"center\">sonhe com os anjos<\/div>\n<div align=\"center\">ainda sou o mesmo<\/div>\n<div align=\"center\">amor fora da lei<\/div>\n<div align=\"center\">sem voc\u00ea<\/div>\n<div align=\"center\">quando \u00e9 ver\u00e3o<\/div>\n<div align=\"center\">vem me dar um beijo<\/div>\n<div align=\"center\">.<\/div>\n<div align=\"center\"><\/div>\n<div align=\"center\"><\/div>\n<div align=\"center\">Sem Palavras<\/div>\n<div align=\"center\">.<\/div>\n<div align=\"center\"><\/div>\n<div align=\"center\">sem palavras<\/div>\n<div align=\"center\">classical gas <\/div>\n<div align=\"center\">beijo submerso II<\/div>\n<div align=\"center\">visita presidencial<\/div>\n<div align=\"center\">manh\u00e3 de carnaval<\/div>\n<div align=\"center\">agora mesmo<\/div>\n<div align=\"center\">trenzinho caipira <\/div>\n<div align=\"center\">mineral com jazz<\/div>\n<div align=\"center\">amplificador de luz<\/div>\n<div align=\"center\"><\/div>\n<div align=\"center\"> <\/div>\n<div align=\"center\"> <\/div>\n<div align=\"center\"><\/div>\n<div align=\"center\"><\/div>\n<div align=\"center\"><\/div>\n","protected":false},"excerpt":{"rendered":"<p>Ol\u00e1 amigos e amantes da m\u00fasica! Embora meio sem tempo, aqui estou eu para a rodada do dia. Hoje iremos de m\u00fasica instrumental e por um pequeno erro meu, extraordinariamente, teremos n\u00e3o apenas um disco, mas dois em uma s\u00f3 &hellip; <a href=\"https:\/\/www.toque-musicall.com\/?p=1360\">Continue lendo <span class=\"meta-nav\">&rarr;<\/span><\/a><\/p>\n","protected":false},"author":1,"featured_media":0,"comment_status":"open","ping_status":"closed","sticky":false,"template":"","format":"standard","meta":{"footnotes":""},"categories":[1574],"tags":[],"class_list":["post-1360","post","type-post","status-publish","format-standard","hentry","category-tavinho-bonfa"],"_links":{"self":[{"href":"https:\/\/www.toque-musicall.com\/index.php?rest_route=\/wp\/v2\/posts\/1360","targetHints":{"allow":["GET"]}}],"collection":[{"href":"https:\/\/www.toque-musicall.com\/index.php?rest_route=\/wp\/v2\/posts"}],"about":[{"href":"https:\/\/www.toque-musicall.com\/index.php?rest_route=\/wp\/v2\/types\/post"}],"author":[{"embeddable":true,"href":"https:\/\/www.toque-musicall.com\/index.php?rest_route=\/wp\/v2\/users\/1"}],"replies":[{"embeddable":true,"href":"https:\/\/www.toque-musicall.com\/index.php?rest_route=%2Fwp%2Fv2%2Fcomments&post=1360"}],"version-history":[{"count":0,"href":"https:\/\/www.toque-musicall.com\/index.php?rest_route=\/wp\/v2\/posts\/1360\/revisions"}],"wp:attachment":[{"href":"https:\/\/www.toque-musicall.com\/index.php?rest_route=%2Fwp%2Fv2%2Fmedia&parent=1360"}],"wp:term":[{"taxonomy":"category","embeddable":true,"href":"https:\/\/www.toque-musicall.com\/index.php?rest_route=%2Fwp%2Fv2%2Fcategories&post=1360"},{"taxonomy":"post_tag","embeddable":true,"href":"https:\/\/www.toque-musicall.com\/index.php?rest_route=%2Fwp%2Fv2%2Ftags&post=1360"}],"curies":[{"name":"wp","href":"https:\/\/api.w.org\/{rel}","templated":true}]}}