{"id":1362,"date":"2008-12-14T10:48:00","date_gmt":"2008-12-14T10:48:00","guid":{"rendered":"http:\/\/www.toque-musicall.com\/?p=1362"},"modified":"2008-12-14T10:48:00","modified_gmt":"2008-12-14T10:48:00","slug":"camafeu-de-oxossi-1968-e-berimbaus-da-bahia-sd","status":"publish","type":"post","link":"https:\/\/www.toque-musicall.com\/?p=1362","title":{"rendered":"Camafeu de Oxossi &#8211; 1968 e Berimbaus Da Bahia (S\/D)"},"content":{"rendered":"<p><a href=\"http:\/\/4.bp.blogspot.com\/_DSKVEvHtskc\/SUTyzQbsn1I\/AAAAAAAAC7o\/wczt9BggGJI\/s1600-h\/camafeu+P.JPG\"><img decoding=\"async\" id=\"BLOGGER_PHOTO_ID_5279611625583451986\" style=\"DISPLAY: block; MARGIN: 0px auto 10px; WIDTH: 400px; CURSOR: hand; HEIGHT: 396px; TEXT-ALIGN: center\" alt=\"\" src=\"http:\/\/4.bp.blogspot.com\/_DSKVEvHtskc\/SUTyzQbsn1I\/AAAAAAAAC7o\/wczt9BggGJI\/s400\/camafeu+P.JPG\" border=\"0\" \/><\/a> Alternando entre os discos do Projeto Minerva, tenho apresentado alguns outros ligados \u00e0 m\u00fasica de Umbanda, dos terreiros e fundo de quintal. Nessa linha, a Bahia \u00e9 insuper\u00e1vel, rica em suas tradi\u00e7\u00f5es e complexa nas quest\u00f5es espirituais, \u00e9 por certo o estado brasileiro que melhor caracteriza a ess\u00eancia da cultura negra e sua heran\u00e7a africana. <\/p>\n<div>Hoje, na sequ\u00eancia, estou trazendo uma das figuras mais interessantes da Bahia, Apio Patroc\u00ednio da Silva, o Camafeu de Oxossi. Personalidade tradicional baiana, conhecido internacionalmente atrav\u00e9s de sua famosa barraca S\u00e3o Jorge, foi tocador de berimbau, batuqueiro, ex-presidente dos Filhos de Gandhi e outras escolas de samba baianas<img decoding=\"async\" id=\"BLOGGER_PHOTO_ID_5279611477328169746\" style=\"FLOAT: left; MARGIN: 0px 10px 10px 0px; WIDTH: 198px; CURSOR: hand; HEIGHT: 200px\" alt=\"\" src=\"http:\/\/1.bp.blogspot.com\/_DSKVEvHtskc\/SUTyqoI4ixI\/AAAAAAAAC7g\/AhLUQRwcT6k\/s200\/Camafeu+de+Oxossi+(1976)+P.JPG\" border=\"0\" \/>. Tornou-se dono de um restaurante que ganhou seu apelido, &#8220;Camafeu de Oxossi&#8221; e desde ent\u00e3o se tornou um dos pontos obrigat\u00f3rios de passagem para todo o turista que visita Salvador. Apio ou Camafeu se preferirem, gravou apenas dois discos. No primeiro, lan\u00e7ado pela Philips em 1968, com uma bela capa do artista Carib\u00e9 e texto de apresenta\u00e7\u00e3o na contracapa de Dorival Caymmi, temos de um lado composi\u00e7\u00f5es pr\u00f3prias para o Candombl\u00e9 e do outro lado cantos de dom\u00ednio p\u00fablico, recolhidas por Camafeu. <a href=\"http:\/\/1.bp.blogspot.com\/_DSKVEvHtskc\/SUUVH1ryQXI\/AAAAAAAAC74\/Xfpiy9asV9M\/s1600-h\/camafeu+p.JPG\"><img decoding=\"async\" id=\"BLOGGER_PHOTO_ID_5279649362575769970\" style=\"FLOAT: right; MARGIN: 0px 0px 10px 10px; WIDTH: 199px; CURSOR: hand; HEIGHT: 200px\" alt=\"\" src=\"http:\/\/1.bp.blogspot.com\/_DSKVEvHtskc\/SUUVH1ryQXI\/AAAAAAAAC74\/Xfpiy9asV9M\/s200\/camafeu+p.JPG\" border=\"0\" \/><\/a>O segundo \u00e1lbum &#8220;Berimbaus da Bahia&#8221; tamb\u00e9m contou com texto de Caymmi e capa de Carib\u00e9. Um disco dedicado aos cantos de capoeira, alguns extra\u00eddos dos velhos tempos de escravid\u00e3o. Este disco chegou a ser relan\u00e7ado uma d\u00e9cada depois com outra capa e nomeado apenas de &#8220;Berimbau&#8221;, como podemos ver na foto menor ao lado. At\u00e9 ent\u00e3o, foi o \u00fanico lp ressuscitado pelos blogs. Os dois discos de Camafeu de Oxossi s\u00e3o mesmo muito raros, por isso resolvi post\u00e1-los em conjunto. Infelizmente, mesmo com alguns cuidados, eu n\u00e3o consegui eliminar os estalos e chiados que acabaram sendo incorporados \u00e0 percuss\u00e3o. Os encartes tamb\u00e9m precisam ser refeitos, mas isso eu farei caso haja interesse por parte de voc\u00eas. Como j\u00e1 dizia minha av\u00f3, a pressa \u00e9 inimiga da perfei\u00e7\u00e3o. Mas eu ainda chego l\u00e1&#8230;<\/div>\n<div align=\"center\">Camafeu 1968<\/div>\n<div align=\"center\">ogum<\/div>\n<div align=\"center\">exu-on\u00e3<\/div>\n<div align=\"center\">oxum<\/div>\n<div align=\"center\">oxossi<\/div>\n<div align=\"center\">oxal\u00e1<\/div>\n<div align=\"center\">crioula pariu mulata<\/div>\n<div align=\"center\">bahia, minha bahia &#8211; canarinho da alemanha<\/div>\n<div align=\"center\">canto contado<\/div>\n<div align=\"center\">confirma\u00e7\u00e3o de oxossi<\/div>\n<div align=\"center\"> <\/div>\n<div align=\"center\">Berimbaus da Bahia<\/div>\n<div align=\"center\">bab\u00e1 mixor\u00f4<\/div>\n<div align=\"center\">mori\u00f4<\/div>\n<div align=\"center\">ojo matin dolaie<\/div>\n<div align=\"center\">afox\u00ea loni<\/div>\n<div align=\"center\">al\u00e1 fil\u00e1 al\u00e1<\/div>\n<div align=\"center\">adaba\u00f4 no maf\u00e9<\/div>\n<div align=\"center\">al\u00e1 la la \u00ea<\/div>\n<div align=\"center\">paran\u00e1<\/div>\n<div align=\"center\">quem quiser mo\u00e7a bonita<\/div>\n<div align=\"center\">samba do mar<\/div>\n<div align=\"center\">adeus corina<\/div>\n<div align=\"center\">sou eu malta<\/div>\n<div align=\"center\">vou diz\u00ea a meu sinh\u00f4 que a manteiga derramou<\/div>\n<div align=\"center\"><\/div>\n<div align=\"center\"><\/div>\n<div align=\"center\"> <\/div>\n<div align=\"center\"> <\/div>\n","protected":false},"excerpt":{"rendered":"<p>Alternando entre os discos do Projeto Minerva, tenho apresentado alguns outros ligados \u00e0 m\u00fasica de Umbanda, dos terreiros e fundo de quintal. Nessa linha, a Bahia \u00e9 insuper\u00e1vel, rica em suas tradi\u00e7\u00f5es e complexa nas quest\u00f5es espirituais, \u00e9 por certo &hellip; <a href=\"https:\/\/www.toque-musicall.com\/?p=1362\">Continue lendo <span class=\"meta-nav\">&rarr;<\/span><\/a><\/p>\n","protected":false},"author":1,"featured_media":0,"comment_status":"open","ping_status":"closed","sticky":false,"template":"","format":"standard","meta":{"footnotes":""},"categories":[1576],"tags":[],"class_list":["post-1362","post","type-post","status-publish","format-standard","hentry","category-camafeu-de-oxossi"],"_links":{"self":[{"href":"https:\/\/www.toque-musicall.com\/index.php?rest_route=\/wp\/v2\/posts\/1362","targetHints":{"allow":["GET"]}}],"collection":[{"href":"https:\/\/www.toque-musicall.com\/index.php?rest_route=\/wp\/v2\/posts"}],"about":[{"href":"https:\/\/www.toque-musicall.com\/index.php?rest_route=\/wp\/v2\/types\/post"}],"author":[{"embeddable":true,"href":"https:\/\/www.toque-musicall.com\/index.php?rest_route=\/wp\/v2\/users\/1"}],"replies":[{"embeddable":true,"href":"https:\/\/www.toque-musicall.com\/index.php?rest_route=%2Fwp%2Fv2%2Fcomments&post=1362"}],"version-history":[{"count":0,"href":"https:\/\/www.toque-musicall.com\/index.php?rest_route=\/wp\/v2\/posts\/1362\/revisions"}],"wp:attachment":[{"href":"https:\/\/www.toque-musicall.com\/index.php?rest_route=%2Fwp%2Fv2%2Fmedia&parent=1362"}],"wp:term":[{"taxonomy":"category","embeddable":true,"href":"https:\/\/www.toque-musicall.com\/index.php?rest_route=%2Fwp%2Fv2%2Fcategories&post=1362"},{"taxonomy":"post_tag","embeddable":true,"href":"https:\/\/www.toque-musicall.com\/index.php?rest_route=%2Fwp%2Fv2%2Ftags&post=1362"}],"curies":[{"name":"wp","href":"https:\/\/api.w.org\/{rel}","templated":true}]}}