{"id":1363,"date":"2008-12-13T16:44:00","date_gmt":"2008-12-13T16:44:00","guid":{"rendered":"http:\/\/www.toque-musicall.com\/?p=1363"},"modified":"2008-12-13T16:44:00","modified_gmt":"2008-12-13T16:44:00","slug":"100-anos-de-musica-popular-brasileira-projeto-minerva-vol-7-1975","status":"publish","type":"post","link":"https:\/\/www.toque-musicall.com\/?p=1363","title":{"rendered":"100 Anos De M\u00fasica Popular Brasileira &#8211; Projeto Minerva Vol.7 (1975)"},"content":{"rendered":"<div align=\"left\"><a href=\"http:\/\/4.bp.blogspot.com\/_DSKVEvHtskc\/SUPnv_7r7dI\/AAAAAAAAC7A\/mBRAzaj9jZo\/s1600-h\/100+anos+de+MPB+vol7+P.JPG\"><img decoding=\"async\" id=\"BLOGGER_PHOTO_ID_5279318000009997778\" style=\"DISPLAY: block; MARGIN: 0px auto 10px; WIDTH: 397px; CURSOR: hand; HEIGHT: 400px; TEXT-ALIGN: center\" alt=\"\" src=\"http:\/\/4.bp.blogspot.com\/_DSKVEvHtskc\/SUPnv_7r7dI\/AAAAAAAAC7A\/mBRAzaj9jZo\/s400\/100+anos+de+MPB+vol7+P.JPG\" border=\"0\" \/><\/a> Ol\u00e1 amigos cultos, ocultos e demais passantes. Ainda n\u00e3o acertamos com o quadriho de bate-papo? N\u00e3o sejam pregui\u00e7osos \ud83d\ude42 N\u00e3o desistam&#8230;<\/div>\n<div align=\"left\">Hoje finalizo a postagem dos quatro \u00e1lbuns que tenho dispon\u00edvel do Projeto Minerva. Como informei anteriormente, esta cole\u00e7\u00e3o \u00e9 composta de oito volumes. Foi lan\u00e7ada em 1975 pelo MEC atrav\u00e9s da Tapecar. Nos anos 80 a cole\u00e7\u00e3o voltaria num relan\u00e7amento pobre da Soma\/Sigla, sem preocupa\u00e7\u00e3o ou cuidado de incluir as informa\u00e7\u00f5es como no original. Depois de haver postado os quatro discos, vejo o quanto s\u00e3o raros. Ningu\u00e9m tem, ningu\u00e9m viu&#8230; mas quem sabe, numa hora dessa aparece&#8230;<\/div>\n<div align=\"left\">O disco deste volume \u00e9 todo dedicado ao samba e traz registros raros do mestre Cartola. Tem a m\u00fasica de Nelson Cavaquinho, Candeia e Martinho da Vila. Paulinho da Viola, Beth Carvalho, Elza Soares e Roberto Silva. Pronto, n\u00e3o precisa dizer mais nada, n\u00e3o \u00e9 mesmo? Momentos realmente raros com gosto de quero mais \ud83d\ude42 Toque a\u00ed&#8230;<\/div>\n<p><\/p>\n<div align=\"center\">divina dama &#8211; quem me v\u00ea sorrindo &#8211; cartola<\/div>\n<div align=\"center\">o sol nascer\u00e1 &#8211; cartola<\/div>\n<div align=\"center\">alvorada &#8211; cartola<\/div>\n<div align=\"center\">acontece &#8211; cartola<\/div>\n<div align=\"center\">not\u00edcia &#8211; roberto silva<\/div>\n<div align=\"center\">luz negra &#8211; beth carvalho<\/div>\n<div align=\"center\">a flor e o espinho &#8211; beth carvalho<\/div>\n<div align=\"center\">as folhas secas &#8211; beth carvalho<\/div>\n<div align=\"center\">a voz do morro &#8211; roberto silva<\/div>\n<div align=\"center\">diz que fui por a\u00ed &#8211; elza soares<\/div>\n<div align=\"center\">casa de bamba &#8211; roberto silva<\/div>\n<div align=\"center\">tom maior e pequeno burgu\u00eas &#8211; beth carvalho<\/div>\n<div align=\"center\">canta, canta minha gente &#8211; elza soares<\/div>\n<div align=\"center\">tiradentes &#8211; roberto silva<\/div>\n<div align=\"center\">her\u00f3is da liberdade &#8211; beth carvalho<\/div>\n<div align=\"center\">filosofia do samba- paulinho da viola<\/div>\n<div align=\"center\">minhas madrugadas &#8211; paulinho da viola<\/div>\n<div align=\"center\">manh\u00e3 de carnaval &#8211; elza soares<\/div>\n<div align=\"center\"><\/div>\n<div align=\"center\"><\/div>\n<div align=\"center\"><\/div>\n<div align=\"center\"><\/div>\n","protected":false},"excerpt":{"rendered":"<p>Ol\u00e1 amigos cultos, ocultos e demais passantes. Ainda n\u00e3o acertamos com o quadriho de bate-papo? N\u00e3o sejam pregui\u00e7osos \ud83d\ude42 N\u00e3o desistam&#8230; Hoje finalizo a postagem dos quatro \u00e1lbuns que tenho dispon\u00edvel do Projeto Minerva. Como informei anteriormente, esta cole\u00e7\u00e3o \u00e9 &hellip; <a href=\"https:\/\/www.toque-musicall.com\/?p=1363\">Continue lendo <span class=\"meta-nav\">&rarr;<\/span><\/a><\/p>\n","protected":false},"author":1,"featured_media":0,"comment_status":"open","ping_status":"closed","sticky":false,"template":"","format":"standard","meta":{"footnotes":""},"categories":[1428,1330,1303],"tags":[],"class_list":["post-1363","post","type-post","status-publish","format-standard","hentry","category-100-anos-de-musica-popular-brasileira","category-colecoes","category-variados"],"_links":{"self":[{"href":"https:\/\/www.toque-musicall.com\/index.php?rest_route=\/wp\/v2\/posts\/1363","targetHints":{"allow":["GET"]}}],"collection":[{"href":"https:\/\/www.toque-musicall.com\/index.php?rest_route=\/wp\/v2\/posts"}],"about":[{"href":"https:\/\/www.toque-musicall.com\/index.php?rest_route=\/wp\/v2\/types\/post"}],"author":[{"embeddable":true,"href":"https:\/\/www.toque-musicall.com\/index.php?rest_route=\/wp\/v2\/users\/1"}],"replies":[{"embeddable":true,"href":"https:\/\/www.toque-musicall.com\/index.php?rest_route=%2Fwp%2Fv2%2Fcomments&post=1363"}],"version-history":[{"count":0,"href":"https:\/\/www.toque-musicall.com\/index.php?rest_route=\/wp\/v2\/posts\/1363\/revisions"}],"wp:attachment":[{"href":"https:\/\/www.toque-musicall.com\/index.php?rest_route=%2Fwp%2Fv2%2Fmedia&parent=1363"}],"wp:term":[{"taxonomy":"category","embeddable":true,"href":"https:\/\/www.toque-musicall.com\/index.php?rest_route=%2Fwp%2Fv2%2Fcategories&post=1363"},{"taxonomy":"post_tag","embeddable":true,"href":"https:\/\/www.toque-musicall.com\/index.php?rest_route=%2Fwp%2Fv2%2Ftags&post=1363"}],"curies":[{"name":"wp","href":"https:\/\/api.w.org\/{rel}","templated":true}]}}