{"id":1364,"date":"2008-12-12T14:24:00","date_gmt":"2008-12-12T14:24:00","guid":{"rendered":"http:\/\/www.toque-musicall.com\/?p=1364"},"modified":"2008-12-12T14:24:00","modified_gmt":"2008-12-12T14:24:00","slug":"j-b-de-carvalho-apresenta-sao-jorge-o-rei-do-terreiro-1970","status":"publish","type":"post","link":"https:\/\/www.toque-musicall.com\/?p=1364","title":{"rendered":"J. B. De Carvalho &#8211; Apresenta S\u00e3o Jorge O Rei Do Terreiro (1970)"},"content":{"rendered":"<div align=\"left\"><a href=\"http:\/\/4.bp.blogspot.com\/_DSKVEvHtskc\/SUJ0xtaNFiI\/AAAAAAAAC64\/r1qkPHtgsj8\/s1600-h\/s%C3%A3o+jorgef.JPG\"><img decoding=\"async\" id=\"BLOGGER_PHOTO_ID_5278910110583559714\" style=\"DISPLAY: block; MARGIN: 0px auto 10px; WIDTH: 400px; CURSOR: hand; HEIGHT: 397px; TEXT-ALIGN: center\" alt=\"\" src=\"http:\/\/4.bp.blogspot.com\/_DSKVEvHtskc\/SUJ0xtaNFiI\/AAAAAAAAC64\/r1qkPHtgsj8\/s400\/s%C3%A3o+jorgef.JPG\" border=\"0\" \/><\/a> Ol\u00e1! Hoje vamos dirigir nossa aten\u00e7\u00e3o \u00e0 m\u00fasica umbandista. Um g\u00eanero que j\u00e1 ganhou o seu espa\u00e7o at\u00e9 entre os blogs musicais. Entre os autores desta m\u00fasica, predominantemente percussiva, os chamados &#8220;pontos&#8221;, destaca-se J. B. de Carvalho (Jo\u00e3o Paulo Batista de Carvalho), cantor e compositor &#8211; autor dos mais conhecidos &#8220;pontos&#8221;, cantados n\u00e3o apenas em rituais, mas popularizado atrav\u00e9s de outros artistas. Ali\u00e1s, muitos artistas gravaram suas composi\u00e7\u00f5es que, quando n\u00e3o eram dadas erradamente como de dom\u00ednio p\u00fablico, eram tomadas como sendo suas. Foi o caso uma vez do Martinho da Vila, que se apropriou de um de seus &#8220;pontos&#8221;, gravado em um de seus lp&#8217;s, mas depois reconheceu o verdadeiro autor e doou os direitos \u00e0 uma institui\u00e7\u00e3o de caridade. J. B. de Carvalho \u00e9 sem d\u00favida um dos nomes mais expressivos da m\u00fasica de Umbanda. Come\u00e7ou no final dos anos 20 ao lado do Conjunto Tupi, que interpretava corim\u00e1s, m\u00fasicas cantadas durante os rituais de macumba. Foi tamb\u00e9m autor de v\u00e1rios sambas e marchas carnavalescas. Conhecido tamb\u00e9m como &#8220;Batuqueiro Famoso&#8221;, gravou dezenas de disco, principalmente os de &#8220;pontos&#8221;, vendidos geralmente em casas de artigos de Umbanda.<\/div>\n<div align=\"left\">Este \u00e1lbum, lan\u00e7ado pela Continental com selo Disco Lar, n\u00e3o \u00e9 exatamente uma colet\u00e2nea, mas re\u00fane composi\u00e7\u00f5es criadas ao longo tempo. Algumas, me parece, s\u00e3o grava\u00e7\u00f5es originais, inclu\u00eddas no \u00e1lbum. Confiram mais um que eu recomendo \ud83d\ude42<\/div>\n<p><\/p>\n<div align=\"center\">beira mar<\/div>\n<div align=\"center\">\u00ea-r\u00ea-r\u00ea<\/div>\n<div align=\"center\">caboclo da cachoeira<\/div>\n<div align=\"center\">ogum meg\u00ea meu pai<\/div>\n<div align=\"center\">oxumar\u00e9<\/div>\n<div align=\"center\">cangira<\/div>\n<div align=\"center\">s\u00e3o benedito<\/div>\n<div align=\"center\">tranca rua<\/div>\n<div align=\"center\">cabocla jurema<\/div>\n<div align=\"center\">congo-\u00ea<\/div>\n<div align=\"center\">dia das crian\u00e7as<\/div>\n<div align=\"center\">ponto de anivers\u00e1rio (cosme e dami\u00e3o)<\/div>\n<div align=\"center\"><\/div>\n<div align=\"center\"><\/div>\n<div align=\"center\"><\/div>\n<div align=\"center\"><\/div>\n","protected":false},"excerpt":{"rendered":"<p>Ol\u00e1! Hoje vamos dirigir nossa aten\u00e7\u00e3o \u00e0 m\u00fasica umbandista. Um g\u00eanero que j\u00e1 ganhou o seu espa\u00e7o at\u00e9 entre os blogs musicais. Entre os autores desta m\u00fasica, predominantemente percussiva, os chamados &#8220;pontos&#8221;, destaca-se J. B. de Carvalho (Jo\u00e3o Paulo Batista &hellip; <a href=\"https:\/\/www.toque-musicall.com\/?p=1364\">Continue lendo <span class=\"meta-nav\">&rarr;<\/span><\/a><\/p>\n","protected":false},"author":1,"featured_media":0,"comment_status":"open","ping_status":"closed","sticky":false,"template":"","format":"standard","meta":{"footnotes":""},"categories":[1577],"tags":[],"class_list":["post-1364","post","type-post","status-publish","format-standard","hentry","category-j-b-de-carvalho"],"_links":{"self":[{"href":"https:\/\/www.toque-musicall.com\/index.php?rest_route=\/wp\/v2\/posts\/1364","targetHints":{"allow":["GET"]}}],"collection":[{"href":"https:\/\/www.toque-musicall.com\/index.php?rest_route=\/wp\/v2\/posts"}],"about":[{"href":"https:\/\/www.toque-musicall.com\/index.php?rest_route=\/wp\/v2\/types\/post"}],"author":[{"embeddable":true,"href":"https:\/\/www.toque-musicall.com\/index.php?rest_route=\/wp\/v2\/users\/1"}],"replies":[{"embeddable":true,"href":"https:\/\/www.toque-musicall.com\/index.php?rest_route=%2Fwp%2Fv2%2Fcomments&post=1364"}],"version-history":[{"count":0,"href":"https:\/\/www.toque-musicall.com\/index.php?rest_route=\/wp\/v2\/posts\/1364\/revisions"}],"wp:attachment":[{"href":"https:\/\/www.toque-musicall.com\/index.php?rest_route=%2Fwp%2Fv2%2Fmedia&parent=1364"}],"wp:term":[{"taxonomy":"category","embeddable":true,"href":"https:\/\/www.toque-musicall.com\/index.php?rest_route=%2Fwp%2Fv2%2Fcategories&post=1364"},{"taxonomy":"post_tag","embeddable":true,"href":"https:\/\/www.toque-musicall.com\/index.php?rest_route=%2Fwp%2Fv2%2Ftags&post=1364"}],"curies":[{"name":"wp","href":"https:\/\/api.w.org\/{rel}","templated":true}]}}