{"id":1365,"date":"2008-12-12T00:10:00","date_gmt":"2008-12-12T00:10:00","guid":{"rendered":"http:\/\/www.toque-musicall.com\/?p=1365"},"modified":"2008-12-12T00:10:00","modified_gmt":"2008-12-12T00:10:00","slug":"100-anos-de-musica-popular-brasileira-projeto-minerva-vol-1-1975","status":"publish","type":"post","link":"https:\/\/www.toque-musicall.com\/?p=1365","title":{"rendered":"100 Anos De M\u00fasica Popular Brasileira &#8211; Projeto Minerva Vol.1 (1975)"},"content":{"rendered":"<div align=\"left\"><a href=\"http:\/\/4.bp.blogspot.com\/_DSKVEvHtskc\/SUGsdblzUfI\/AAAAAAAAC6o\/3jpvlwGhHC8\/s1600-h\/100+de+MPB+vol.1.JPG\"><img decoding=\"async\" id=\"BLOGGER_PHOTO_ID_5278689859877425650\" style=\"DISPLAY: block; MARGIN: 0px auto 10px; WIDTH: 400px; CURSOR: hand; HEIGHT: 397px; TEXT-ALIGN: center\" alt=\"\" src=\"http:\/\/4.bp.blogspot.com\/_DSKVEvHtskc\/SUGsdblzUfI\/AAAAAAAAC6o\/3jpvlwGhHC8\/s400\/100+de+MPB+vol.1.JPG\" border=\"0\" \/><\/a>Pelo jeito os amigos ainda n\u00e3o pegaram a &#8216;manha&#8217; do novo quadrinho de bate-papo. Confesso que nem eu, mas podem acreditar, n\u00e3o vou ficar inventando moda. A troca por esse novo quadrinho de comunica\u00e7\u00e3o foi muito pelo tamanho e os recursos. Me parece que atrav\u00e9s dele podemos criar um grupo, acompanhar uma discuss\u00e3o estando ou n\u00e3o nas p\u00e1ginas do blog. Aconselho aos amigos se cadastrarem. Se de uma hora para outra o Toque Musical precisar ir para o privado, s\u00f3 se salvar\u00e3o os que estiverem com o bilhete.<\/div>\n<div align=\"left\">Tenho para hoje mais um exemplar da cole\u00e7\u00e3o Projeto Minerva, na verdade o primeiro, como foi solicitado. Como eu j\u00e1 havia comentado, infelizmente me faltam quatro volumes para completar a cole\u00e7\u00e3o (2, 3, 4 e 8). Se acaso alguma boa alma tiver e quiser cooperar comigo, serei muito grato.<\/div>\n<div align=\"left\">O volume 1 \u00e9 um \u00e1lbum que contempla mais ao chorinho e seresta. Os registros deste disco s\u00e3o exclusivamente do programa com Paulo Tapaj\u00f3s e Altamiro Carrilho.<\/div>\n<p><\/p>\n<div align=\"center\">flor amorosa &#8211; altamir carrilho e conjunto<\/div>\n<div align=\"center\">lua branca &#8211; paulo tapaj\u00f3s<\/div>\n<div align=\"center\">corta jaca &#8211; alamirro carrilho e conjunto<\/div>\n<div align=\"center\">brejeiro &#8211; altamiro carrilho e conjunto<\/div>\n<div align=\"center\">apanhei-te cavaquinho &#8211; altamiro carrilho e conjunto<\/div>\n<div align=\"center\">terna saudade &#8211; paulo tapaj\u00f3s<\/div>\n<div align=\"center\">primeiro amor &#8211; altamiro carrilho e conjunto<\/div>\n<div align=\"center\">cabocla bunita &#8211; paulo tapaj\u00f3s<\/div>\n<div align=\"center\"><\/div>\n<div align=\"center\"><\/div>\n","protected":false},"excerpt":{"rendered":"<p>Pelo jeito os amigos ainda n\u00e3o pegaram a &#8216;manha&#8217; do novo quadrinho de bate-papo. Confesso que nem eu, mas podem acreditar, n\u00e3o vou ficar inventando moda. A troca por esse novo quadrinho de comunica\u00e7\u00e3o foi muito pelo tamanho e os &hellip; <a href=\"https:\/\/www.toque-musicall.com\/?p=1365\">Continue lendo <span class=\"meta-nav\">&rarr;<\/span><\/a><\/p>\n","protected":false},"author":1,"featured_media":0,"comment_status":"open","ping_status":"closed","sticky":false,"template":"","format":"standard","meta":{"footnotes":""},"categories":[1428,1330,1303],"tags":[],"class_list":["post-1365","post","type-post","status-publish","format-standard","hentry","category-100-anos-de-musica-popular-brasileira","category-colecoes","category-variados"],"_links":{"self":[{"href":"https:\/\/www.toque-musicall.com\/index.php?rest_route=\/wp\/v2\/posts\/1365","targetHints":{"allow":["GET"]}}],"collection":[{"href":"https:\/\/www.toque-musicall.com\/index.php?rest_route=\/wp\/v2\/posts"}],"about":[{"href":"https:\/\/www.toque-musicall.com\/index.php?rest_route=\/wp\/v2\/types\/post"}],"author":[{"embeddable":true,"href":"https:\/\/www.toque-musicall.com\/index.php?rest_route=\/wp\/v2\/users\/1"}],"replies":[{"embeddable":true,"href":"https:\/\/www.toque-musicall.com\/index.php?rest_route=%2Fwp%2Fv2%2Fcomments&post=1365"}],"version-history":[{"count":0,"href":"https:\/\/www.toque-musicall.com\/index.php?rest_route=\/wp\/v2\/posts\/1365\/revisions"}],"wp:attachment":[{"href":"https:\/\/www.toque-musicall.com\/index.php?rest_route=%2Fwp%2Fv2%2Fmedia&parent=1365"}],"wp:term":[{"taxonomy":"category","embeddable":true,"href":"https:\/\/www.toque-musicall.com\/index.php?rest_route=%2Fwp%2Fv2%2Fcategories&post=1365"},{"taxonomy":"post_tag","embeddable":true,"href":"https:\/\/www.toque-musicall.com\/index.php?rest_route=%2Fwp%2Fv2%2Ftags&post=1365"}],"curies":[{"name":"wp","href":"https:\/\/api.w.org\/{rel}","templated":true}]}}