{"id":1367,"date":"2008-12-09T13:31:00","date_gmt":"2008-12-09T13:31:00","guid":{"rendered":"http:\/\/www.toque-musicall.com\/?p=1367"},"modified":"2008-12-09T13:31:00","modified_gmt":"2008-12-09T13:31:00","slug":"100-anos-de-musica-popular-brasileira-projeto-minerva-vol-6-1975","status":"publish","type":"post","link":"https:\/\/www.toque-musicall.com\/?p=1367","title":{"rendered":"100 Anos De M\u00fasica Popular Brasileira &#8211; Projeto Minerva Vol.6 (1975)"},"content":{"rendered":"<p><a href=\"http:\/\/1.bp.blogspot.com\/_DSKVEvHtskc\/ST50BbMv2mI\/AAAAAAAAC6U\/XDE967F0yIQ\/s1600-h\/100+anos+de+MPB+vol6+F.JPG\"><img decoding=\"async\" id=\"BLOGGER_PHOTO_ID_5277783381154716258\" style=\"DISPLAY: block; MARGIN: 0px auto 10px; WIDTH: 400px; CURSOR: hand; HEIGHT: 398px; TEXT-ALIGN: center\" alt=\"\" src=\"http:\/\/1.bp.blogspot.com\/_DSKVEvHtskc\/ST50BbMv2mI\/AAAAAAAAC6U\/XDE967F0yIQ\/s400\/100+anos+de+MPB+vol6+F.JPG\" border=\"0\" \/><\/a> Embora pouco comentada a postagem do volume 5 do Projeto Minerva, vieram muitas solicita\u00e7\u00f5es para que eu continuasse a postar outros n\u00fameros. T\u00e1 certo, aqui vai mais um&#8230;<br \/>Hoje teremos o volume 6, onde constam registros de Pery Ribeiro, Rosana Toledo, L\u00facio Alves, Johnny Alf e Alayde Costa. Infelizmente este sexto volume que tenho \u00e9 do relan\u00e7amento, feito nos anos 80 pela Sigla\/Soma. Eu chego a ficar indignado com o pouco caso que fizeram ao relan\u00e7arem essa cole\u00e7\u00e3o. Os \u00e1lbuns, originalmente eram de capa dupla, trazendo em seu interior as informa\u00e7\u00f5es sobre seu conte\u00fado (n\u00famero das faixas, ficha t\u00e9cnica, etc&#8230;). Para pouparem gastos na produ\u00e7\u00e3o, a s\u00e9rie relan\u00e7ada pela Sigla\/Soma em 84 veio desfalcada. Os caras n\u00e3o tiveram a sensibilidade de ver que o mais importante para se compreender o disco e essa cole\u00e7\u00e3o estava ali, no que eles omitiram. Para saber quem \u00e9 quem e o que \u00e9 o qu\u00ea s\u00f3 mesmo olhando pelo selo, que por sinal n\u00e3o informa muita coisa, nem a data. Da\u00ed, quando a gente cisma de criar um blog e disponibilizar o disco com as informa\u00e7\u00f5es completas, os caras dizem que \u00e9 pirataria. Mas vamos deixar essa quest\u00e3o para um outro momento, que por sinal eu gostaria de dar meus esclarecimentos.<br \/>Como rela\u00e7\u00e3o ao nosso disquinho do dia, o que tenho a completar \u00e9 dizer que o mesmo traz um repert\u00f3rio que compreende o per\u00edodo que vai de 60 a 70, entre bossas, Jorge Ben e outras tropic\u00e1lias. Participam do programa outros m\u00fasicos de renome, mas s\u00f3 identifiquei o Altamiro Carrilho, que por sinal pelejou para se manter no ritmo da bossa. Segue a baixo a programa\u00e7\u00e3o:<\/p>\n<div align=\"center\">lobo bobo &#8211; alayde costa<\/div>\n<div align=\"center\">influ\u00eancia do jazz &#8211; johnny alf<\/div>\n<div align=\"center\">o barquinho &#8211; alayde costa<\/div>\n<div align=\"center\">fim de noite &#8211; l\u00facio alves<\/div>\n<div align=\"center\">canto de ossanha &#8211; rosana toledo<\/div>\n<div align=\"center\">consola\u00e7\u00e3o &#8211; pery ribeiro<\/div>\n<div align=\"center\">\u00faltima forma &#8211; pery ribeiro<\/div>\n<div align=\"center\">pra dizer adeus &#8211; pery ribeiro<\/div>\n<div align=\"center\">a banda &#8211; pery ribeiro<\/div>\n<div align=\"center\">carolina &#8211; pery ribeiro<\/div>\n<div align=\"center\">travessia &#8211; rosana toledo<\/div>\n<div align=\"center\">can\u00e7\u00e3o do sal &#8211; pery ribeiro<\/div>\n<div align=\"center\">\u00e9 de manh\u00e3 &#8211; pery ribeiro<\/div>\n<div align=\"center\">esse cara &#8211; rosana toledo<\/div>\n<div align=\"center\">roda &#8211; pery ribeiro<\/div>\n<div align=\"center\">prociss\u00e3o &#8211; pery ribeiro<\/div>\n<div align=\"center\">preciso aprender a s\u00f3 ser &#8211; rosana toledo<\/div>\n<div align=\"center\">chove chuva -pery ribeiro e rosana toledo<\/div>\n<div align=\"center\">mais que nada &#8211; pery ribeiro e rosana toledo<\/div>\n<div align=\"center\">pa\u00eds tropical &#8211; pery ribeiro<\/div>\n<div align=\"center\">fio maravilha -pery ribeiro e rodan toledo<\/div>\n<div align=\"center\"><\/div>\n<div align=\"center\"><\/div>\n<div align=\"center\"><\/div>\n<div align=\"center\"><\/div>\n","protected":false},"excerpt":{"rendered":"<p>Embora pouco comentada a postagem do volume 5 do Projeto Minerva, vieram muitas solicita\u00e7\u00f5es para que eu continuasse a postar outros n\u00fameros. T\u00e1 certo, aqui vai mais um&#8230;Hoje teremos o volume 6, onde constam registros de Pery Ribeiro, Rosana Toledo, &hellip; <a href=\"https:\/\/www.toque-musicall.com\/?p=1367\">Continue lendo <span class=\"meta-nav\">&rarr;<\/span><\/a><\/p>\n","protected":false},"author":1,"featured_media":0,"comment_status":"open","ping_status":"closed","sticky":false,"template":"","format":"standard","meta":{"footnotes":""},"categories":[1428,1330,1303],"tags":[],"class_list":["post-1367","post","type-post","status-publish","format-standard","hentry","category-100-anos-de-musica-popular-brasileira","category-colecoes","category-variados"],"_links":{"self":[{"href":"https:\/\/www.toque-musicall.com\/index.php?rest_route=\/wp\/v2\/posts\/1367","targetHints":{"allow":["GET"]}}],"collection":[{"href":"https:\/\/www.toque-musicall.com\/index.php?rest_route=\/wp\/v2\/posts"}],"about":[{"href":"https:\/\/www.toque-musicall.com\/index.php?rest_route=\/wp\/v2\/types\/post"}],"author":[{"embeddable":true,"href":"https:\/\/www.toque-musicall.com\/index.php?rest_route=\/wp\/v2\/users\/1"}],"replies":[{"embeddable":true,"href":"https:\/\/www.toque-musicall.com\/index.php?rest_route=%2Fwp%2Fv2%2Fcomments&post=1367"}],"version-history":[{"count":0,"href":"https:\/\/www.toque-musicall.com\/index.php?rest_route=\/wp\/v2\/posts\/1367\/revisions"}],"wp:attachment":[{"href":"https:\/\/www.toque-musicall.com\/index.php?rest_route=%2Fwp%2Fv2%2Fmedia&parent=1367"}],"wp:term":[{"taxonomy":"category","embeddable":true,"href":"https:\/\/www.toque-musicall.com\/index.php?rest_route=%2Fwp%2Fv2%2Fcategories&post=1367"},{"taxonomy":"post_tag","embeddable":true,"href":"https:\/\/www.toque-musicall.com\/index.php?rest_route=%2Fwp%2Fv2%2Ftags&post=1367"}],"curies":[{"name":"wp","href":"https:\/\/api.w.org\/{rel}","templated":true}]}}