{"id":1368,"date":"2008-12-08T12:46:00","date_gmt":"2008-12-08T12:46:00","guid":{"rendered":"http:\/\/www.toque-musicall.com\/?p=1368"},"modified":"2008-12-08T12:46:00","modified_gmt":"2008-12-08T12:46:00","slug":"os-tincoas-1973","status":"publish","type":"post","link":"https:\/\/www.toque-musicall.com\/?p=1368","title":{"rendered":"Os Tinco\u00e3s (1973)"},"content":{"rendered":"<p><a href=\"http:\/\/2.bp.blogspot.com\/_DSKVEvHtskc\/ST0dc-RTW7I\/AAAAAAAAC6M\/48Th3qx83Wk\/s1600-h\/os+tincoas+P.JPG\"><img decoding=\"async\" id=\"BLOGGER_PHOTO_ID_5277406721937202098\" style=\"DISPLAY: block; MARGIN: 0px auto 10px; WIDTH: 400px; CURSOR: hand; HEIGHT: 400px; TEXT-ALIGN: center\" alt=\"\" src=\"http:\/\/2.bp.blogspot.com\/_DSKVEvHtskc\/ST0dc-RTW7I\/AAAAAAAAC6M\/48Th3qx83Wk\/s400\/os+tincoas+P.JPG\" border=\"0\" \/><\/a> Se tem um disco do qual eu me arrependo de ter vendido, este foi Os Tinco\u00e3s de 1973. Foi preciso quase duas d\u00e9cadas depois para eu novamente reencontrar o \u00e1lbum, na verdade, sua vers\u00e3o em cd relan\u00e7ada pela EMI Odeon. Em outras encarna\u00e7\u00f5es eu j\u00e1 havia postado este disco e fez o maior sucesso. Dessa vez eu fiquei meio resistente, pois o disco j\u00e1 estava bem divulgado e haviam tantas outras coisas para postar que o disquinho acabou ficando na fila de espera. Mas como se trata de algo fora de s\u00e9rie, eu n\u00e3o poderia me negar aos seus encantos.<br \/>Ta\u00ed, Os Tinco\u00e3s, grupo baiano surgido no in\u00edcio dos anos 60. Gravaram inicialmente boleros e coisas semelhantes ao Trio Irakitan. Mas foi a partir de uma conscientiza\u00e7\u00e3o da cultura negra africana, dos terreiros de Candombl\u00e9 da Bahia, que o grupo come\u00e7ou a tomar uma forma. Este foi o segundo disco gravado por eles e com certeza o mais importante. N\u00e3o apenas pelo tem\u00e1tica, mas principalmente pelos arranjos vocais e o trabalho de produ\u00e7\u00e3o musical do maestro Lindolfo Gaya. Neste disco o trio era formado por  Mateus, Dadinho e Heraldo que veio a falecer em 1975. O trio continuou na estrada com outras forma\u00e7\u00f5es at\u00e9 o in\u00edcio dos anos 80. Depois, Dadinho e Mateus foram morar na \u00c1frica. Chegaram a gravar um disco em Angola, o qual tamb\u00e9m saiu no Brasil pela CID. Em 2000, foi a vez de Dadinho que mudou de lado e foi cantar com Heraldo no c\u00e9u. Os Tinco\u00e3s, s\u00f3 por este disco, podem ser considerados um dos maiores grupos vocais brasileiros. Excelente! Confiram o toque&#8230;<\/p>\n<div align=\"center\">deixa a gira girar<\/div>\n<div align=\"center\">ians\u00e3, m\u00e3e virgem<\/div>\n<div align=\"center\">sabi\u00e1 roxa<\/div>\n<div align=\"center\">ogund\u00ea<\/div>\n<div align=\"center\">na beira do mar<\/div>\n<div align=\"center\">raposa e guar\u00e1<\/div>\n<div align=\"center\">sauda\u00e7\u00e3o aos orix\u00e1s<\/div>\n<div align=\"center\">canto de iemanj\u00e1<\/div>\n<div align=\"center\">capela d&#8217;ajuda<\/div>\n<div align=\"center\">obalua\u00ea<\/div>\n<div align=\"center\">a for\u00e7a da jurema<\/div>\n<div align=\"center\">embola embola<\/div>\n<div align=\"center\"><\/div>\n<div align=\"center\"><\/div>\n<div align=\"center\"> <\/div>\n<div align=\"center\"> <\/div>\n","protected":false},"excerpt":{"rendered":"<p>Se tem um disco do qual eu me arrependo de ter vendido, este foi Os Tinco\u00e3s de 1973. Foi preciso quase duas d\u00e9cadas depois para eu novamente reencontrar o \u00e1lbum, na verdade, sua vers\u00e3o em cd relan\u00e7ada pela EMI Odeon. &hellip; <a href=\"https:\/\/www.toque-musicall.com\/?p=1368\">Continue lendo <span class=\"meta-nav\">&rarr;<\/span><\/a><\/p>\n","protected":false},"author":1,"featured_media":0,"comment_status":"open","ping_status":"closed","sticky":false,"template":"","format":"standard","meta":{"footnotes":""},"categories":[1578],"tags":[],"class_list":["post-1368","post","type-post","status-publish","format-standard","hentry","category-os-tincoas"],"_links":{"self":[{"href":"https:\/\/www.toque-musicall.com\/index.php?rest_route=\/wp\/v2\/posts\/1368","targetHints":{"allow":["GET"]}}],"collection":[{"href":"https:\/\/www.toque-musicall.com\/index.php?rest_route=\/wp\/v2\/posts"}],"about":[{"href":"https:\/\/www.toque-musicall.com\/index.php?rest_route=\/wp\/v2\/types\/post"}],"author":[{"embeddable":true,"href":"https:\/\/www.toque-musicall.com\/index.php?rest_route=\/wp\/v2\/users\/1"}],"replies":[{"embeddable":true,"href":"https:\/\/www.toque-musicall.com\/index.php?rest_route=%2Fwp%2Fv2%2Fcomments&post=1368"}],"version-history":[{"count":0,"href":"https:\/\/www.toque-musicall.com\/index.php?rest_route=\/wp\/v2\/posts\/1368\/revisions"}],"wp:attachment":[{"href":"https:\/\/www.toque-musicall.com\/index.php?rest_route=%2Fwp%2Fv2%2Fmedia&parent=1368"}],"wp:term":[{"taxonomy":"category","embeddable":true,"href":"https:\/\/www.toque-musicall.com\/index.php?rest_route=%2Fwp%2Fv2%2Fcategories&post=1368"},{"taxonomy":"post_tag","embeddable":true,"href":"https:\/\/www.toque-musicall.com\/index.php?rest_route=%2Fwp%2Fv2%2Ftags&post=1368"}],"curies":[{"name":"wp","href":"https:\/\/api.w.org\/{rel}","templated":true}]}}