{"id":1380,"date":"2008-11-27T15:07:00","date_gmt":"2008-11-27T15:07:00","guid":{"rendered":"http:\/\/www.toque-musicall.com\/?p=1380"},"modified":"2008-11-27T15:07:00","modified_gmt":"2008-11-27T15:07:00","slug":"jose-carlos-poleshuck-e-sua-musica-1990","status":"publish","type":"post","link":"https:\/\/www.toque-musicall.com\/?p=1380","title":{"rendered":"Jos\u00e9 Carlos Poleshuck &#8211; E Sua M\u00fasica (1990)"},"content":{"rendered":"<div align=\"left\"><a href=\"http:\/\/4.bp.blogspot.com\/_DSKVEvHtskc\/SS65C4pc56I\/AAAAAAAAC3s\/0vM-umww96A\/s1600-h\/jose+carlos+F.JPG\"><img decoding=\"async\" id=\"BLOGGER_PHOTO_ID_5273355672914552738\" style=\"DISPLAY: block; MARGIN: 0px auto 10px; WIDTH: 400px; CURSOR: hand; HEIGHT: 398px; TEXT-ALIGN: center\" alt=\"\" src=\"http:\/\/4.bp.blogspot.com\/_DSKVEvHtskc\/SS65C4pc56I\/AAAAAAAAC3s\/0vM-umww96A\/s400\/jose+carlos+F.JPG\" border=\"0\" \/><\/a>Eis ai um nome que sempre vejo presente como compositor em discos de m\u00fasica instrumental, principalmente os dos anos 80. Jos\u00e9 Carlos Poleshuck, eis um nome, cad\u00ea o &#8216;homi&#8217;? Esta \u00e9 um pergunta que eu fa\u00e7o, porque n\u00e3o obtive respostas. Numa consulta por nome, n\u00e3o encontrei absolutamente nada a seu respeito, al\u00e9m de an\u00fancios de venda, deste e de um outro disco que ele um dia lan\u00e7ou? Afinal, quem \u00e9 este compositor?<\/div>\n<div align=\"left\">O disco que tenho o prazer de apresentar, pelo que tudo indica n\u00e3o conta com a participa\u00e7\u00e3o do compositor. Lan\u00e7ado 1990 pelo selo JLV, este \u00e1lbum tem como figura chave o pianista Gilson Peranzzetta, respons\u00e1vel pelos arranjos, reg\u00eancia e presente em todas as faixas. Outros instrumentistas feras tamb\u00e9m entram no mexido, mas deixo isso para a ficha t\u00e9cnica que j\u00e1 vem inclu\u00edda. Para aqueles que torceram o nariz para o experimentalismo da m\u00fasica instrumental, talvez neste disco possam se reencontrar. O disco \u00e9 muito bom, eu garanto!<\/div>\n<p><\/p>\n<div align=\"center\">teu jeito gostoso de amar<\/div>\n<div align=\"center\">caminho certo n.1<\/div>\n<div align=\"center\">a menina dos olhos azuis<\/div>\n<div align=\"center\">fabinandas<\/div>\n<div align=\"center\">noturna n.11<\/div>\n<div align=\"center\">estou de volta<\/div>\n<div align=\"center\">caminho certo n.2<\/div>\n<div align=\"center\">alegria<\/div>\n<div align=\"center\"><\/div>\n<div align=\"center\"><\/div>\n<div align=\"center\"> <\/div>\n<div align=\"center\"> <\/div>\n","protected":false},"excerpt":{"rendered":"<p>Eis ai um nome que sempre vejo presente como compositor em discos de m\u00fasica instrumental, principalmente os dos anos 80. Jos\u00e9 Carlos Poleshuck, eis um nome, cad\u00ea o &#8216;homi&#8217;? Esta \u00e9 um pergunta que eu fa\u00e7o, porque n\u00e3o obtive respostas. &hellip; <a href=\"https:\/\/www.toque-musicall.com\/?p=1380\">Continue lendo <span class=\"meta-nav\">&rarr;<\/span><\/a><\/p>\n","protected":false},"author":1,"featured_media":0,"comment_status":"open","ping_status":"closed","sticky":false,"template":"","format":"standard","meta":{"footnotes":""},"categories":[1584],"tags":[],"class_list":["post-1380","post","type-post","status-publish","format-standard","hentry","category-jose-carlos-poleshuck"],"_links":{"self":[{"href":"https:\/\/www.toque-musicall.com\/index.php?rest_route=\/wp\/v2\/posts\/1380","targetHints":{"allow":["GET"]}}],"collection":[{"href":"https:\/\/www.toque-musicall.com\/index.php?rest_route=\/wp\/v2\/posts"}],"about":[{"href":"https:\/\/www.toque-musicall.com\/index.php?rest_route=\/wp\/v2\/types\/post"}],"author":[{"embeddable":true,"href":"https:\/\/www.toque-musicall.com\/index.php?rest_route=\/wp\/v2\/users\/1"}],"replies":[{"embeddable":true,"href":"https:\/\/www.toque-musicall.com\/index.php?rest_route=%2Fwp%2Fv2%2Fcomments&post=1380"}],"version-history":[{"count":0,"href":"https:\/\/www.toque-musicall.com\/index.php?rest_route=\/wp\/v2\/posts\/1380\/revisions"}],"wp:attachment":[{"href":"https:\/\/www.toque-musicall.com\/index.php?rest_route=%2Fwp%2Fv2%2Fmedia&parent=1380"}],"wp:term":[{"taxonomy":"category","embeddable":true,"href":"https:\/\/www.toque-musicall.com\/index.php?rest_route=%2Fwp%2Fv2%2Fcategories&post=1380"},{"taxonomy":"post_tag","embeddable":true,"href":"https:\/\/www.toque-musicall.com\/index.php?rest_route=%2Fwp%2Fv2%2Ftags&post=1380"}],"curies":[{"name":"wp","href":"https:\/\/api.w.org\/{rel}","templated":true}]}}