{"id":1382,"date":"2008-11-25T16:29:00","date_gmt":"2008-11-25T16:29:00","guid":{"rendered":"http:\/\/www.toque-musicall.com\/?p=1382"},"modified":"2008-11-25T16:29:00","modified_gmt":"2008-11-25T16:29:00","slug":"ze-eduardo-nazario-poema-da-gota-serena-1983","status":"publish","type":"post","link":"https:\/\/www.toque-musicall.com\/?p=1382","title":{"rendered":"Z\u00e9 Eduardo Nazario &#8211; Poema Da Gota Serena (1983)"},"content":{"rendered":"<p><a href=\"http:\/\/2.bp.blogspot.com\/_DSKVEvHtskc\/SSw2BHO3p8I\/AAAAAAAAC3c\/hu30Zrgp_j4\/s1600-h\/Ze+du+F.JPG\"><img decoding=\"async\" id=\"BLOGGER_PHOTO_ID_5272648656493193154\" style=\"DISPLAY: block; MARGIN: 0px auto 10px; WIDTH: 394px; CURSOR: hand; HEIGHT: 400px; TEXT-ALIGN: center\" alt=\"\" src=\"http:\/\/2.bp.blogspot.com\/_DSKVEvHtskc\/SSw2BHO3p8I\/AAAAAAAAC3c\/hu30Zrgp_j4\/s400\/Ze+du+F.JPG\" border=\"0\" \/><\/a> Ol\u00e1! Hoje o bicho est\u00e1 pegando para o meu lado. Meu tempo est\u00e1 contadinho. Pensei at\u00e9 que n\u00e3o iria conseguir fazer a postagem do dia. Mas vou aproveitando o que tenho \u00e0 m\u00e3o nesta pausa para o caf\u00e9. Continuamos no instrumental, o bolero fica para o fim de semana, ok?<br \/>Ta\u00ed, um disco para os apreciadores da m\u00fasica instrumental, &#8220;Poema da gota serena&#8221;. Primeiro \u00e1lbum solo do baterista <a href=\"http:\/\/www.zeeduardonazario.com\/\">Z\u00e9 Eduardo Nazario<\/a>. Para os que n\u00e3o conhecem a fera eu vou dar a ficha, resumida, s\u00f3 para voc\u00eas sentirem o toque.<br \/>Z\u00e9 Eduardo come\u00e7ou cedo. Aos 12 anos ganhou do pai uma bateria. Aos 13 formou seu primeiro grupo, o &#8220;Xang\u00f4 3&#8221; ao lado de mais dois adolescentes. Embora com pouca idade, o trio fez muito sucesso em S\u00e3o Paulo nos anos 60. Eles faziam bailes e tamb\u00e9m eram atra\u00e7\u00e3o em todos os programas de tv&#8217;s paulistas. Se apresentavam regularmente em progamas como o Bossaudade de Elizeth Cardoso, Corte Rayol Show de Agnaldo Rayol, Hebe, Moacyr Franco Show e muito mais. Nos anos 70 formou o Grupo Experimental de Percuss\u00e3o, depois o Mandala, cujo o disco \u00e9 rar\u00edssimo (qualquer hora dessas eu posto ele aqui). Nos anos 70 ele ainda tocou com Hermeto Pascoal, participou de outros grupos e de discos de figuras n\u00e3o menos importantes como Marlui Miranda e Egberto Gismonti. Formou juntamente com o irm\u00e3o, Lelo Nazario e outros feras o Grupo Um, gravando uns cinco discos. A partir dos anos 80 ele come\u00e7a a desenvolver seus trabalhos solo, gravando o &#8220;Poema da gota serena&#8221; em paralelo com o Grupo Um. Formou com o irm\u00e3o o Duo Nazario, integrou o grupo Pau Brasil, Percuss\u00f4nica e nos \u00faltimos anos tem tocado com o guitarrista americano John Stein. Mora em Pouso Alegre, Minas Gerais e tem tocado com as forma\u00e7\u00f5es Z\u00e9 Eduardo Nazario Trio, Quarteto, Quinteto e Sexteto.<br \/>Bom, depois desta, falar do \u00e1lbum postado \u00e9 &#8216;chover no molhado&#8217;. Melhor ouv\u00ed-lo e comprar o original na m\u00e3o do <a href=\"http:\/\/www.zeeduardonazario.com\/\">Z\u00e9<\/a>. Toquei?<\/p>\n<div align=\"center\">pra pensar<\/div>\n<div align=\"center\">pra sentir e contar<\/div>\n<div align=\"center\">energia dos tr\u00eas mundos<\/div>\n<div align=\"center\">s\u00f3 pra ouvir<\/div>\n<div align=\"center\"><\/div>\n<div align=\"center\"><\/div>\n<div align=\"center\"><\/div>\n<div align=\"center\"><\/div>\n","protected":false},"excerpt":{"rendered":"<p>Ol\u00e1! Hoje o bicho est\u00e1 pegando para o meu lado. Meu tempo est\u00e1 contadinho. Pensei at\u00e9 que n\u00e3o iria conseguir fazer a postagem do dia. Mas vou aproveitando o que tenho \u00e0 m\u00e3o nesta pausa para o caf\u00e9. Continuamos no &hellip; <a href=\"https:\/\/www.toque-musicall.com\/?p=1382\">Continue lendo <span class=\"meta-nav\">&rarr;<\/span><\/a><\/p>\n","protected":false},"author":1,"featured_media":0,"comment_status":"open","ping_status":"closed","sticky":false,"template":"","format":"standard","meta":{"footnotes":""},"categories":[1585],"tags":[],"class_list":["post-1382","post","type-post","status-publish","format-standard","hentry","category-ze-eduardo-nazario"],"_links":{"self":[{"href":"https:\/\/www.toque-musicall.com\/index.php?rest_route=\/wp\/v2\/posts\/1382","targetHints":{"allow":["GET"]}}],"collection":[{"href":"https:\/\/www.toque-musicall.com\/index.php?rest_route=\/wp\/v2\/posts"}],"about":[{"href":"https:\/\/www.toque-musicall.com\/index.php?rest_route=\/wp\/v2\/types\/post"}],"author":[{"embeddable":true,"href":"https:\/\/www.toque-musicall.com\/index.php?rest_route=\/wp\/v2\/users\/1"}],"replies":[{"embeddable":true,"href":"https:\/\/www.toque-musicall.com\/index.php?rest_route=%2Fwp%2Fv2%2Fcomments&post=1382"}],"version-history":[{"count":0,"href":"https:\/\/www.toque-musicall.com\/index.php?rest_route=\/wp\/v2\/posts\/1382\/revisions"}],"wp:attachment":[{"href":"https:\/\/www.toque-musicall.com\/index.php?rest_route=%2Fwp%2Fv2%2Fmedia&parent=1382"}],"wp:term":[{"taxonomy":"category","embeddable":true,"href":"https:\/\/www.toque-musicall.com\/index.php?rest_route=%2Fwp%2Fv2%2Fcategories&post=1382"},{"taxonomy":"post_tag","embeddable":true,"href":"https:\/\/www.toque-musicall.com\/index.php?rest_route=%2Fwp%2Fv2%2Ftags&post=1382"}],"curies":[{"name":"wp","href":"https:\/\/api.w.org\/{rel}","templated":true}]}}