{"id":1384,"date":"2008-11-23T23:28:00","date_gmt":"2008-11-23T23:28:00","guid":{"rendered":"http:\/\/www.toque-musicall.com\/?p=1384"},"modified":"2008-11-23T23:28:00","modified_gmt":"2008-11-23T23:28:00","slug":"baden-powell-ao-vivo-no-teatro-santa-rosa-1966","status":"publish","type":"post","link":"https:\/\/www.toque-musicall.com\/?p=1384","title":{"rendered":"Baden Powell &#8211; Ao Vivo No Teatro Santa Rosa (1966)"},"content":{"rendered":"<p><a href=\"http:\/\/2.bp.blogspot.com\/_DSKVEvHtskc\/SSnoPu0oAYI\/AAAAAAAAC3M\/8xCqeetYElA\/s1600-h\/Baden+67+P.JPG\"><img decoding=\"async\" id=\"BLOGGER_PHOTO_ID_5272000195778314626\" style=\"DISPLAY: block; MARGIN: 0px auto 10px; WIDTH: 400px; CURSOR: hand; HEIGHT: 394px; TEXT-ALIGN: center\" alt=\"\" src=\"http:\/\/2.bp.blogspot.com\/_DSKVEvHtskc\/SSnoPu0oAYI\/AAAAAAAAC3M\/8xCqeetYElA\/s400\/Baden+67+P.JPG\" border=\"0\" \/><\/a>Como eu havia dito, aqui vai mais um do Baden o qual eu gosto muito, gravado pela Elenco.<br \/>Este disco, como est\u00e1 estampado na capa, foi gravado ao vivo no Teatro Santa Rosa, no Rio em 1966. O espet\u00e1culo foi um tremendo sucesso de p\u00fablico e chegou a ficar mais de 5 meses em cartaz. O lp \u00e9 hoje uma raridade e muito procurado por colecionadores. N\u00e3o sei se chegou a ser relan\u00e7ado em cd, mas com eu havia dito antes, j\u00e1 est\u00e1 em diversos blogs nacionais e estrangeiros. Segue aqui a minha vers\u00e3o com a qualidade que o artista merece (e voc\u00eas tamb\u00e9m).<\/p>\n<div align=\"center\">abertura &#8211; choro para metr\u00f4nomo<\/div>\n<div align=\"center\">astronauta<\/div>\n<div align=\"center\">valsa de euridice<\/div>\n<div align=\"center\">preludio em r\u00e9 menor<\/div>\n<div align=\"center\">berimbau<\/div>\n<div align=\"center\">consola\u00e7\u00e3o<\/div>\n<div align=\"center\">lamento<\/div>\n<div align=\"center\">samba de uma nota s\u00f3<\/div>\n<div align=\"center\">tempo feliz<\/div>\n<div align=\"center\"><\/div>\n<div align=\"center\"><\/div>\n<div align=\"center\"> <\/div>\n<div align=\"center\"> <\/div>\n","protected":false},"excerpt":{"rendered":"<p>Como eu havia dito, aqui vai mais um do Baden o qual eu gosto muito, gravado pela Elenco.Este disco, como est\u00e1 estampado na capa, foi gravado ao vivo no Teatro Santa Rosa, no Rio em 1966. O espet\u00e1culo foi um &hellip; <a href=\"https:\/\/www.toque-musicall.com\/?p=1384\">Continue lendo <span class=\"meta-nav\">&rarr;<\/span><\/a><\/p>\n","protected":false},"author":1,"featured_media":0,"comment_status":"open","ping_status":"closed","sticky":false,"template":"","format":"standard","meta":{"footnotes":""},"categories":[391],"tags":[],"class_list":["post-1384","post","type-post","status-publish","format-standard","hentry","category-baden-powell"],"_links":{"self":[{"href":"https:\/\/www.toque-musicall.com\/index.php?rest_route=\/wp\/v2\/posts\/1384","targetHints":{"allow":["GET"]}}],"collection":[{"href":"https:\/\/www.toque-musicall.com\/index.php?rest_route=\/wp\/v2\/posts"}],"about":[{"href":"https:\/\/www.toque-musicall.com\/index.php?rest_route=\/wp\/v2\/types\/post"}],"author":[{"embeddable":true,"href":"https:\/\/www.toque-musicall.com\/index.php?rest_route=\/wp\/v2\/users\/1"}],"replies":[{"embeddable":true,"href":"https:\/\/www.toque-musicall.com\/index.php?rest_route=%2Fwp%2Fv2%2Fcomments&post=1384"}],"version-history":[{"count":0,"href":"https:\/\/www.toque-musicall.com\/index.php?rest_route=\/wp\/v2\/posts\/1384\/revisions"}],"wp:attachment":[{"href":"https:\/\/www.toque-musicall.com\/index.php?rest_route=%2Fwp%2Fv2%2Fmedia&parent=1384"}],"wp:term":[{"taxonomy":"category","embeddable":true,"href":"https:\/\/www.toque-musicall.com\/index.php?rest_route=%2Fwp%2Fv2%2Fcategories&post=1384"},{"taxonomy":"post_tag","embeddable":true,"href":"https:\/\/www.toque-musicall.com\/index.php?rest_route=%2Fwp%2Fv2%2Ftags&post=1384"}],"curies":[{"name":"wp","href":"https:\/\/api.w.org\/{rel}","templated":true}]}}