{"id":1386,"date":"2008-11-22T22:48:00","date_gmt":"2008-11-22T22:48:00","guid":{"rendered":"http:\/\/www.toque-musicall.com\/?p=1386"},"modified":"2008-11-22T22:48:00","modified_gmt":"2008-11-22T22:48:00","slug":"celso-machado-brasil-violao-1977","status":"publish","type":"post","link":"https:\/\/www.toque-musicall.com\/?p=1386","title":{"rendered":"Celso Machado &#8211; Brasil, Viol\u00e3o (1977)"},"content":{"rendered":"<div align=\"left\"><a href=\"http:\/\/3.bp.blogspot.com\/_DSKVEvHtskc\/SSiN6MJUqdI\/AAAAAAAAC28\/y2qznNzo2CY\/s1600-h\/celso+-+brasil,+vilo%C3%83%C2%A3o+P.JPG\"><img decoding=\"async\" id=\"BLOGGER_PHOTO_ID_5271619394669423058\" style=\"DISPLAY: block; MARGIN: 0px auto 10px; WIDTH: 400px; CURSOR: hand; HEIGHT: 392px; TEXT-ALIGN: center\" alt=\"\" src=\"http:\/\/3.bp.blogspot.com\/_DSKVEvHtskc\/SSiN6MJUqdI\/AAAAAAAAC28\/y2qznNzo2CY\/s400\/celso+-+brasil,+vilo%C3%A3o+P.JPG\" border=\"0\" \/><\/a>Para completar a noite de s\u00e1bado eu resolvi trazer tamb\u00e9m o primeiro disco do Celso Machado. Eu fiquei na d\u00favida se deveria post\u00e1-lo, visto que em outros blogs esse disco (me parece) j\u00e1 foi apresentado. Por\u00e9m j\u00e1 estava mesmo na ponta da agulha. Agora vai de carona fazendo a dobradinha. Por certo voc\u00eas n\u00e3o ir\u00e3o reclamar, n\u00e3o \u00e9 mesmo? \ud83d\ude42 <\/div>\n<div align=\"left\">Segue ent\u00e3o este \u00e1lbum que tamb\u00e9m \u00e9 muito bom, cheio de releituras famosas e acanhadamente uma \u00fanica composi\u00e7\u00e3o pr\u00f3pria.<\/div>\n<p><\/p>\n<div align=\"center\">legua tirana \/ assum preto \/qui nem jil\u00f3<\/div>\n<div align=\"center\">asa branca<\/div>\n<div align=\"center\">ponteado<\/div>\n<div align=\"center\">cristal<\/div>\n<div align=\"center\">odeon<\/div>\n<div align=\"center\">choro n. 1<\/div>\n<div align=\"center\">m\u00e1goas de africando<\/div>\n<div align=\"center\">choro n. 2<\/div>\n<div align=\"center\">estudo n. 1<\/div>\n<div align=\"center\">a voz do morro<\/div>\n<div align=\"center\"><\/div>\n<div align=\"center\"><\/div>\n<div align=\"center\"> <\/div>\n<div align=\"center\"> <\/div>\n","protected":false},"excerpt":{"rendered":"<p>Para completar a noite de s\u00e1bado eu resolvi trazer tamb\u00e9m o primeiro disco do Celso Machado. Eu fiquei na d\u00favida se deveria post\u00e1-lo, visto que em outros blogs esse disco (me parece) j\u00e1 foi apresentado. Por\u00e9m j\u00e1 estava mesmo na &hellip; <a href=\"https:\/\/www.toque-musicall.com\/?p=1386\">Continue lendo <span class=\"meta-nav\">&rarr;<\/span><\/a><\/p>\n","protected":false},"author":1,"featured_media":0,"comment_status":"open","ping_status":"closed","sticky":false,"template":"","format":"standard","meta":{"footnotes":""},"categories":[1587],"tags":[],"class_list":["post-1386","post","type-post","status-publish","format-standard","hentry","category-celso-machado"],"_links":{"self":[{"href":"https:\/\/www.toque-musicall.com\/index.php?rest_route=\/wp\/v2\/posts\/1386","targetHints":{"allow":["GET"]}}],"collection":[{"href":"https:\/\/www.toque-musicall.com\/index.php?rest_route=\/wp\/v2\/posts"}],"about":[{"href":"https:\/\/www.toque-musicall.com\/index.php?rest_route=\/wp\/v2\/types\/post"}],"author":[{"embeddable":true,"href":"https:\/\/www.toque-musicall.com\/index.php?rest_route=\/wp\/v2\/users\/1"}],"replies":[{"embeddable":true,"href":"https:\/\/www.toque-musicall.com\/index.php?rest_route=%2Fwp%2Fv2%2Fcomments&post=1386"}],"version-history":[{"count":0,"href":"https:\/\/www.toque-musicall.com\/index.php?rest_route=\/wp\/v2\/posts\/1386\/revisions"}],"wp:attachment":[{"href":"https:\/\/www.toque-musicall.com\/index.php?rest_route=%2Fwp%2Fv2%2Fmedia&parent=1386"}],"wp:term":[{"taxonomy":"category","embeddable":true,"href":"https:\/\/www.toque-musicall.com\/index.php?rest_route=%2Fwp%2Fv2%2Fcategories&post=1386"},{"taxonomy":"post_tag","embeddable":true,"href":"https:\/\/www.toque-musicall.com\/index.php?rest_route=%2Fwp%2Fv2%2Ftags&post=1386"}],"curies":[{"name":"wp","href":"https:\/\/api.w.org\/{rel}","templated":true}]}}