{"id":1387,"date":"2008-11-22T16:09:00","date_gmt":"2008-11-22T16:09:00","guid":{"rendered":"http:\/\/www.toque-musicall.com\/?p=1387"},"modified":"2008-11-22T16:09:00","modified_gmt":"2008-11-22T16:09:00","slug":"celso-machado-violao-1980","status":"publish","type":"post","link":"https:\/\/www.toque-musicall.com\/?p=1387","title":{"rendered":"Celso Machado &#8211; Viol\u00e3o (1980)"},"content":{"rendered":"<div align=\"left\"><a href=\"http:\/\/4.bp.blogspot.com\/_DSKVEvHtskc\/SSgv05RedwI\/AAAAAAAAC20\/pxeaHEq98ng\/s1600-h\/celso+P.JPG\"><img decoding=\"async\" id=\"BLOGGER_PHOTO_ID_5271515949610989314\" style=\"DISPLAY: block; MARGIN: 0px auto 10px; WIDTH: 400px; CURSOR: hand; HEIGHT: 392px; TEXT-ALIGN: center\" alt=\"\" src=\"http:\/\/4.bp.blogspot.com\/_DSKVEvHtskc\/SSgv05RedwI\/AAAAAAAAC20\/pxeaHEq98ng\/s400\/celso+P.JPG\" border=\"0\" \/><\/a> Ainda presos \u00e0s cordas do pinho, temos para hoje outro grande instrumentista, Celso Machado. Um artista excepcional, um virtuoso do viol\u00e3o que tamb\u00e9m domina outros instrumentos de corda e percuss\u00e3o. Sem d\u00favida um artista completo, de forma\u00e7\u00e3o cl\u00e1ssica, mas dono de uma t\u00e9cnica apurada e pessoal. Durante mais de trinta anos, ele tem realizado concertos em todo o Brasil, no Canad\u00e1, Europa e tamb\u00e9m nos Estados Unidos. Infelizmente o cara \u00e9 mais conhecido e aclamado fora do que dentro de seu pr\u00f3prio pa\u00eds. N\u00e3o \u00e9 atoa que ele foi morar no Canada. Sempre muito requisitado, Celso, al\u00e9m de concertista \u00e9 tamb\u00e9m professor, palestrante e claro, compositor. Suas cria\u00e7\u00f5es n\u00e3o se limitam \u00e0 m\u00fasica regional e tradicional brasileira. Ele tamb\u00e9m comp\u00f5e para o cinema, sendo dele diversas trilhas de produ\u00e7\u00f5es estrangeiras. Por trabalhos em cinema e produ\u00e7\u00f5es para tv ele j\u00e1 recebeu diversos pr\u00eamios. Uma prova do talento e qualidade art\u00edstica.<\/div>\n<div align=\"left\">&#8220;Viol\u00e3o, Celso Machado&#8221; foi seu segundo \u00e1lbum, lan\u00e7ado em 1980 pelo selo Marcus Pereira. O primeiro, &#8220;Viol\u00e3o, Brasil&#8221;, de 1977, tamb\u00e9m saiu pela mesma gravadora. Estranhamente, este segundo disco foi o \u00fanico que at\u00e9 hoje n\u00e3o chegou a ser lan\u00e7ado em cd. Um \u00e1lbum bacana, com dire\u00e7\u00e3o art\u00edstica de Marcus Vinicius e dire\u00e7\u00e3o musical de Fil\u00f3 Machado que tamb\u00e9m participa ao lado de outros bambas da m\u00fasica instrumental brasileira. Imperd\u00edvel!<\/div>\n<p><\/p>\n<div align=\"center\">motivo barroco<\/div>\n<div align=\"center\">juazeiro<\/div>\n<div align=\"center\">parazula em si menor<\/div>\n<div align=\"center\">abra\u00e7o a neto e lea<\/div>\n<div align=\"center\">tributo ao m\u00fasico<\/div>\n<div align=\"center\">feitio de cora\u00e7\u00e3o<\/div>\n<div align=\"center\">el ultimo canto<\/div>\n<div align=\"center\">retirantes<\/div>\n<div align=\"center\">hora de mudar<\/div>\n<div align=\"center\">tema de isabel<\/div>\n<p><\/p>\n<div align=\"center\"><\/div>\n<div align=\"center\"> <\/div>\n<div><\/div>\n","protected":false},"excerpt":{"rendered":"<p>Ainda presos \u00e0s cordas do pinho, temos para hoje outro grande instrumentista, Celso Machado. Um artista excepcional, um virtuoso do viol\u00e3o que tamb\u00e9m domina outros instrumentos de corda e percuss\u00e3o. Sem d\u00favida um artista completo, de forma\u00e7\u00e3o cl\u00e1ssica, mas dono &hellip; <a href=\"https:\/\/www.toque-musicall.com\/?p=1387\">Continue lendo <span class=\"meta-nav\">&rarr;<\/span><\/a><\/p>\n","protected":false},"author":1,"featured_media":0,"comment_status":"open","ping_status":"closed","sticky":false,"template":"","format":"standard","meta":{"footnotes":""},"categories":[1587],"tags":[],"class_list":["post-1387","post","type-post","status-publish","format-standard","hentry","category-celso-machado"],"_links":{"self":[{"href":"https:\/\/www.toque-musicall.com\/index.php?rest_route=\/wp\/v2\/posts\/1387","targetHints":{"allow":["GET"]}}],"collection":[{"href":"https:\/\/www.toque-musicall.com\/index.php?rest_route=\/wp\/v2\/posts"}],"about":[{"href":"https:\/\/www.toque-musicall.com\/index.php?rest_route=\/wp\/v2\/types\/post"}],"author":[{"embeddable":true,"href":"https:\/\/www.toque-musicall.com\/index.php?rest_route=\/wp\/v2\/users\/1"}],"replies":[{"embeddable":true,"href":"https:\/\/www.toque-musicall.com\/index.php?rest_route=%2Fwp%2Fv2%2Fcomments&post=1387"}],"version-history":[{"count":0,"href":"https:\/\/www.toque-musicall.com\/index.php?rest_route=\/wp\/v2\/posts\/1387\/revisions"}],"wp:attachment":[{"href":"https:\/\/www.toque-musicall.com\/index.php?rest_route=%2Fwp%2Fv2%2Fmedia&parent=1387"}],"wp:term":[{"taxonomy":"category","embeddable":true,"href":"https:\/\/www.toque-musicall.com\/index.php?rest_route=%2Fwp%2Fv2%2Fcategories&post=1387"},{"taxonomy":"post_tag","embeddable":true,"href":"https:\/\/www.toque-musicall.com\/index.php?rest_route=%2Fwp%2Fv2%2Ftags&post=1387"}],"curies":[{"name":"wp","href":"https:\/\/api.w.org\/{rel}","templated":true}]}}