{"id":1388,"date":"2008-11-21T12:53:00","date_gmt":"2008-11-21T12:53:00","guid":{"rendered":"http:\/\/www.toque-musicall.com\/?p=1388"},"modified":"2008-11-21T12:53:00","modified_gmt":"2008-11-21T12:53:00","slug":"garoto-mis-1979","status":"publish","type":"post","link":"https:\/\/www.toque-musicall.com\/?p=1388","title":{"rendered":"Garoto &#8211; MIS (1979)"},"content":{"rendered":"<p><a href=\"http:\/\/1.bp.blogspot.com\/_DSKVEvHtskc\/SSazrg1yZsI\/AAAAAAAAC2s\/_EEwTnYdya0\/s1600-h\/Garoto+F.JPG\"><img decoding=\"async\" id=\"BLOGGER_PHOTO_ID_5271097974015026882\" style=\"DISPLAY: block; MARGIN: 0px auto 10px; WIDTH: 400px; CURSOR: hand; HEIGHT: 395px; TEXT-ALIGN: center\" alt=\"\" src=\"http:\/\/1.bp.blogspot.com\/_DSKVEvHtskc\/SSazrg1yZsI\/AAAAAAAAC2s\/_EEwTnYdya0\/s400\/Garoto+F.JPG\" border=\"0\" \/><\/a>De corda em corda, desta vez chegamos \u00e0 An\u00edbal Augusto Sardinha, o Garoto. Ex\u00edmio instrumentista, dominava com muita t\u00e9cnica n\u00e3o apenas o viol\u00e3o, mas praticamente quase todos os instrumentos de corda. Me parece que at\u00e9 piano o cara tocava. O apelido de Garoto est\u00e1 relacionado ao fato dele ter se iniciado na m\u00fasica muito cedo. Com apenas 11 anos j\u00e1 fazia parte do Regional Irm\u00e3os Armani e era chamado de Moleque do Banjo. De Moleque virou Garoto. Ele \u00e9 considerado por muitos como um dos precursores da Bossa Nova. Morreu com apenas 40 anos, mas nos deixou um grande legado.<br \/>Estou postando este disco, lan\u00e7ado pelo MIS &#8211; Museu da Imagem e do Som, porque sei que o mesmo n\u00e3o se encontra mais \u00e0 venda (o que \u00e9 uma pena). Ali\u00e1s ele nem aparece na listagem de produtos oferecidos por essa entidade. No lp est\u00e3o reunidas grava\u00e7\u00f5es raras em acetato, algumas em bases de alum\u00ednio, outras em vidro, realizadas ao vivo durante os programas da R\u00e1dio Nacional. Essas grava\u00e7\u00f5es n\u00e3o foram produzidas com fins comerciais, eram apenas registros dos programas. Assim, temos Garoto em v\u00e1rios momentos, tocando viol\u00e3o e cavaquinho, em solo ou como acompanhamento. Confiram esse toque.<\/p>\n<div align=\"center\">alma brasileira<\/div>\n<div align=\"center\">sons de carrilh\u00f5es<\/div>\n<div align=\"center\">benny goodman no choro<\/div>\n<div align=\"center\">rato rato<\/div>\n<div align=\"center\">tico tico no fub\u00e1<\/div>\n<div align=\"center\">duas contas<\/div>\n<div align=\"center\">amor n\u00e3o se compra<\/div>\n<div align=\"center\">cavaquinho boogie<\/div>\n<div align=\"center\">carinhoso<\/div>\n<div align=\"center\">rel\u00e2mpago<\/div>\n<div align=\"center\">chinatown, my chinatown<\/div>\n<div align=\"center\">chorinho do ahu<\/div>\n<div align=\"center\">nacional<\/div>\n<div align=\"center\">sempre perto de voc\u00ea<\/div>\n<div align=\"center\">saudade de iguape<\/div>\n<div align=\"center\"><\/div>\n<div align=\"center\"><\/div>\n<div align=\"center\"> <\/div>\n<div align=\"center\"> <\/div>\n","protected":false},"excerpt":{"rendered":"<p>De corda em corda, desta vez chegamos \u00e0 An\u00edbal Augusto Sardinha, o Garoto. Ex\u00edmio instrumentista, dominava com muita t\u00e9cnica n\u00e3o apenas o viol\u00e3o, mas praticamente quase todos os instrumentos de corda. Me parece que at\u00e9 piano o cara tocava. O &hellip; <a href=\"https:\/\/www.toque-musicall.com\/?p=1388\">Continue lendo <span class=\"meta-nav\">&rarr;<\/span><\/a><\/p>\n","protected":false},"author":1,"featured_media":0,"comment_status":"open","ping_status":"closed","sticky":false,"template":"","format":"standard","meta":{"footnotes":""},"categories":[142],"tags":[],"class_list":["post-1388","post","type-post","status-publish","format-standard","hentry","category-garoto"],"_links":{"self":[{"href":"https:\/\/www.toque-musicall.com\/index.php?rest_route=\/wp\/v2\/posts\/1388","targetHints":{"allow":["GET"]}}],"collection":[{"href":"https:\/\/www.toque-musicall.com\/index.php?rest_route=\/wp\/v2\/posts"}],"about":[{"href":"https:\/\/www.toque-musicall.com\/index.php?rest_route=\/wp\/v2\/types\/post"}],"author":[{"embeddable":true,"href":"https:\/\/www.toque-musicall.com\/index.php?rest_route=\/wp\/v2\/users\/1"}],"replies":[{"embeddable":true,"href":"https:\/\/www.toque-musicall.com\/index.php?rest_route=%2Fwp%2Fv2%2Fcomments&post=1388"}],"version-history":[{"count":0,"href":"https:\/\/www.toque-musicall.com\/index.php?rest_route=\/wp\/v2\/posts\/1388\/revisions"}],"wp:attachment":[{"href":"https:\/\/www.toque-musicall.com\/index.php?rest_route=%2Fwp%2Fv2%2Fmedia&parent=1388"}],"wp:term":[{"taxonomy":"category","embeddable":true,"href":"https:\/\/www.toque-musicall.com\/index.php?rest_route=%2Fwp%2Fv2%2Fcategories&post=1388"},{"taxonomy":"post_tag","embeddable":true,"href":"https:\/\/www.toque-musicall.com\/index.php?rest_route=%2Fwp%2Fv2%2Ftags&post=1388"}],"curies":[{"name":"wp","href":"https:\/\/api.w.org\/{rel}","templated":true}]}}