{"id":1391,"date":"2008-11-19T12:28:00","date_gmt":"2008-11-19T12:28:00","guid":{"rendered":"http:\/\/www.toque-musicall.com\/?p=1391"},"modified":"2008-11-19T12:28:00","modified_gmt":"2008-11-19T12:28:00","slug":"renato-andrade-viola-de-queluz-vol-2-1979","status":"publish","type":"post","link":"https:\/\/www.toque-musicall.com\/?p=1391","title":{"rendered":"Renato Andrade &#8211; Viola De Queluz Vol.2 (1979)"},"content":{"rendered":"<div align=\"left\"><a href=\"http:\/\/3.bp.blogspot.com\/_DSKVEvHtskc\/SSQNSUzD_oI\/AAAAAAAAC2Q\/yQFMaIVZD9o\/s1600-h\/Renato+Andrade+F.JPG\"><img decoding=\"async\" id=\"BLOGGER_PHOTO_ID_5270352072402009730\" style=\"DISPLAY: block; MARGIN: 0px auto 10px; WIDTH: 392px; CURSOR: hand; HEIGHT: 400px; TEXT-ALIGN: center\" alt=\"\" src=\"http:\/\/3.bp.blogspot.com\/_DSKVEvHtskc\/SSQNSUzD_oI\/AAAAAAAAC2Q\/yQFMaIVZD9o\/s400\/Renato+Andrade+F.JPG\" border=\"0\" \/><\/a>Nesta semana, como eu havia dito, vai ser a das cordas. Tenho algumas bolachas aqui, prontas para serem degustadas. E antes que passe do prazo de validade, vamos ao pinho!<br \/>Hoje teremos uma viola e o violeiro \u00e9 Renato Andrade. Um dos mais importantes violeiros do Brasil, que tardiamente gravou seu primeiro lp em 1977, &#8220;A fant\u00e1stica viola&#8221;. Sua t\u00e9cnica apurada, domina diferentes afina\u00e7\u00f5es da viola caipira. Dos violeiros que eu conhe\u00e7o, Renato \u00e9 um dos poucos que tirou a viola da ro\u00e7a e a levou para uma sala de concertos. Seu virtuosismo e seu campo de atua\u00e7\u00e3o musical vai da mais simples moda de viola aos cl\u00e1ssicos e eruditos brasileiros. Se n\u00e3o bastasse o cabra era bom de papo, um grande contador de est\u00f3rias.<br \/>&#8220;Viola de Queluz&#8221; foi seu segundo disco e nele temos dez faixas autorais em solo e duas, &#8220;Tristezas do Jeca&#8221; e &#8220;Luar do sert\u00e3o&#8221; com acompanhamento.<br \/>Dependendo da receptividade e boa vontade de um amigo (se \u00e9 que ele n\u00e3o esqueceu), ainda hoje teremos &#8220;A fant\u00e1stica viola de Renato Andrade&#8221;. Vamos aguardar&#8230;<\/p>\n<div align=\"center\">viola de cego<\/div>\n<div align=\"center\">ballet na ro\u00e7a<\/div>\n<div align=\"center\">o capangueiro<\/div>\n<div align=\"center\">tristezas do jeca<\/div>\n<div align=\"center\">viola de queluz<\/div>\n<div align=\"center\">veredas mortas<\/div>\n<div align=\"center\">moto perp\u00e9tuo caipira<\/div>\n<div align=\"center\">luar do sert\u00e3o<\/div>\n<div align=\"center\">urup\u00eas<\/div>\n<div align=\"center\">senhores da terra<\/div>\n<div align=\"center\">paineiras<\/div>\n<div align=\"center\">ra\u00edzes ib\u00e9ricas<\/div>\n<div align=\"center\"><\/div>\n<div align=\"center\"><\/div>\n<div align=\"center\"> <\/div>\n<div align=\"center\"> <\/div>\n<\/div>\n","protected":false},"excerpt":{"rendered":"<p>Nesta semana, como eu havia dito, vai ser a das cordas. Tenho algumas bolachas aqui, prontas para serem degustadas. E antes que passe do prazo de validade, vamos ao pinho!Hoje teremos uma viola e o violeiro \u00e9 Renato Andrade. Um &hellip; <a href=\"https:\/\/www.toque-musicall.com\/?p=1391\">Continue lendo <span class=\"meta-nav\">&rarr;<\/span><\/a><\/p>\n","protected":false},"author":1,"featured_media":0,"comment_status":"open","ping_status":"closed","sticky":false,"template":"","format":"standard","meta":{"footnotes":""},"categories":[1288],"tags":[],"class_list":["post-1391","post","type-post","status-publish","format-standard","hentry","category-renato-andrade"],"_links":{"self":[{"href":"https:\/\/www.toque-musicall.com\/index.php?rest_route=\/wp\/v2\/posts\/1391","targetHints":{"allow":["GET"]}}],"collection":[{"href":"https:\/\/www.toque-musicall.com\/index.php?rest_route=\/wp\/v2\/posts"}],"about":[{"href":"https:\/\/www.toque-musicall.com\/index.php?rest_route=\/wp\/v2\/types\/post"}],"author":[{"embeddable":true,"href":"https:\/\/www.toque-musicall.com\/index.php?rest_route=\/wp\/v2\/users\/1"}],"replies":[{"embeddable":true,"href":"https:\/\/www.toque-musicall.com\/index.php?rest_route=%2Fwp%2Fv2%2Fcomments&post=1391"}],"version-history":[{"count":0,"href":"https:\/\/www.toque-musicall.com\/index.php?rest_route=\/wp\/v2\/posts\/1391\/revisions"}],"wp:attachment":[{"href":"https:\/\/www.toque-musicall.com\/index.php?rest_route=%2Fwp%2Fv2%2Fmedia&parent=1391"}],"wp:term":[{"taxonomy":"category","embeddable":true,"href":"https:\/\/www.toque-musicall.com\/index.php?rest_route=%2Fwp%2Fv2%2Fcategories&post=1391"},{"taxonomy":"post_tag","embeddable":true,"href":"https:\/\/www.toque-musicall.com\/index.php?rest_route=%2Fwp%2Fv2%2Ftags&post=1391"}],"curies":[{"name":"wp","href":"https:\/\/api.w.org\/{rel}","templated":true}]}}