{"id":1392,"date":"2008-11-18T16:08:00","date_gmt":"2008-11-18T16:08:00","guid":{"rendered":"http:\/\/www.toque-musicall.com\/?p=1392"},"modified":"2008-11-18T16:08:00","modified_gmt":"2008-11-18T16:08:00","slug":"dilermando-reis-radames-gnatalli-concerto-n-1-para-violao-e-orquestra-1976","status":"publish","type":"post","link":"https:\/\/www.toque-musicall.com\/?p=1392","title":{"rendered":"Dilermando Reis &#038; Radam\u00e9s Gnatalli &#8211; Concerto N.1 Para Viol\u00e3o E Orquestra (1976)"},"content":{"rendered":"<p><a href=\"http:\/\/3.bp.blogspot.com\/_DSKVEvHtskc\/SSMskGUxekI\/AAAAAAAAC2I\/gPUnZnRZ2EI\/s1600-h\/Dilermando+Radames+P.JPG\"><img decoding=\"async\" id=\"BLOGGER_PHOTO_ID_5270104987638266434\" style=\"DISPLAY: block; MARGIN: 0px auto 10px; WIDTH: 396px; CURSOR: hand; HEIGHT: 400px; TEXT-ALIGN: center\" alt=\"\" src=\"http:\/\/3.bp.blogspot.com\/_DSKVEvHtskc\/SSMskGUxekI\/AAAAAAAAC2I\/gPUnZnRZ2EI\/s400\/Dilermando+Radames+P.JPG\" border=\"0\" \/><\/a> <\/p>\n<div align=\"left\">Quando se fala de violonista, um nome que a gente nunca esquece \u00e9 o de Dilermando Reis. Violonista literalmente de &#8216;m\u00e3o cheia&#8217;, tocava de todos os g\u00eaneros e muito bem. Foi um dos instrumentistas que mais popularizou o viol\u00e3o no pa\u00eds. <\/div>\n<div align=\"left\">&#8220;Concerto N.1&#8221; \u00e9 uma pe\u00e7a de Radam\u00e9s Gnatalli dedicada ao grande violonista. Aqui temos o prazer de ouv\u00ed-lo como solista, sendo Radam\u00e9s o regente da orquestra. O disco \u00e9 datado de 1976, mas me parece que o &#8220;Concerto N.1&#8221; \u00e9 do in\u00edcio de 70. No lado B do disco, anda com o maestro, encontramos obras de Lorenzo Fernandez, Guerra Peixe, Villa Lobos, Heckel Tavares e Agostin Barrios. Ta\u00ed, um lado mais erudito de Dilermando. Espero que gostem \ud83d\ude42<\/div>\n<div align=\"left\"><\/div>\n<div> <\/div>\n<div align=\"center\">concerto n.1 para viol\u00e3o e orquestra<\/div>\n<div align=\"center\">velha modinha<\/div>\n<div align=\"center\">ponteado<\/div>\n<div align=\"center\">choro n.1<\/div>\n<div align=\"center\">ponteio<\/div>\n<div align=\"center\">la catedral<\/div>\n<div align=\"center\"><\/div>\n<div align=\"center\"><\/div>\n<div align=\"center\"> <\/div>\n<div align=\"center\"> <\/div>\n","protected":false},"excerpt":{"rendered":"<p>Quando se fala de violonista, um nome que a gente nunca esquece \u00e9 o de Dilermando Reis. Violonista literalmente de &#8216;m\u00e3o cheia&#8217;, tocava de todos os g\u00eaneros e muito bem. Foi um dos instrumentistas que mais popularizou o viol\u00e3o no &hellip; <a href=\"https:\/\/www.toque-musicall.com\/?p=1392\">Continue lendo <span class=\"meta-nav\">&rarr;<\/span><\/a><\/p>\n","protected":false},"author":1,"featured_media":0,"comment_status":"open","ping_status":"closed","sticky":false,"template":"","format":"standard","meta":{"footnotes":""},"categories":[75,852],"tags":[],"class_list":["post-1392","post","type-post","status-publish","format-standard","hentry","category-dilermando-reis","category-radames-gnatalli"],"_links":{"self":[{"href":"https:\/\/www.toque-musicall.com\/index.php?rest_route=\/wp\/v2\/posts\/1392","targetHints":{"allow":["GET"]}}],"collection":[{"href":"https:\/\/www.toque-musicall.com\/index.php?rest_route=\/wp\/v2\/posts"}],"about":[{"href":"https:\/\/www.toque-musicall.com\/index.php?rest_route=\/wp\/v2\/types\/post"}],"author":[{"embeddable":true,"href":"https:\/\/www.toque-musicall.com\/index.php?rest_route=\/wp\/v2\/users\/1"}],"replies":[{"embeddable":true,"href":"https:\/\/www.toque-musicall.com\/index.php?rest_route=%2Fwp%2Fv2%2Fcomments&post=1392"}],"version-history":[{"count":0,"href":"https:\/\/www.toque-musicall.com\/index.php?rest_route=\/wp\/v2\/posts\/1392\/revisions"}],"wp:attachment":[{"href":"https:\/\/www.toque-musicall.com\/index.php?rest_route=%2Fwp%2Fv2%2Fmedia&parent=1392"}],"wp:term":[{"taxonomy":"category","embeddable":true,"href":"https:\/\/www.toque-musicall.com\/index.php?rest_route=%2Fwp%2Fv2%2Fcategories&post=1392"},{"taxonomy":"post_tag","embeddable":true,"href":"https:\/\/www.toque-musicall.com\/index.php?rest_route=%2Fwp%2Fv2%2Ftags&post=1392"}],"curies":[{"name":"wp","href":"https:\/\/api.w.org\/{rel}","templated":true}]}}