{"id":140,"date":"2012-02-25T15:37:00","date_gmt":"2012-02-25T15:37:00","guid":{"rendered":"http:\/\/www.toque-musicall.com\/?p=140"},"modified":"2012-02-25T15:37:00","modified_gmt":"2012-02-25T15:37:00","slug":"pery-ribeiro-apaixonadamente-na-memoria-2012","status":"publish","type":"post","link":"https:\/\/www.toque-musicall.com\/?p=140","title":{"rendered":"Pery Ribeiro &#8211; Apaixonadamente Na Mem\u00f3ria (2012)"},"content":{"rendered":"<p><a href=\"http:\/\/4.bp.blogspot.com\/-sgqIig0EkWw\/T0kEB9OVsiI\/AAAAAAAABGw\/JtQfTm2rxoc\/s1600\/CAPAp.JPG\"><img decoding=\"async\" style=\"display:block; margin:0px auto 10px; text-align:center;cursor:pointer; cursor:hand;width: 400px; height: 400px;\" src=\"http:\/\/4.bp.blogspot.com\/-sgqIig0EkWw\/T0kEB9OVsiI\/AAAAAAAABGw\/JtQfTm2rxoc\/s400\/CAPAp.JPG\" border=\"0\" alt=\"\" id=\"BLOGGER_PHOTO_ID_5713102033957270050\" \/><\/a><a href=\"http:\/\/2.bp.blogspot.com\/-DoxkxAohm7Q\/T0kD8gHkY6I\/AAAAAAAABGk\/49WQzPNavNA\/s1600\/ContraCAPAp.JPG\"><img decoding=\"async\" style=\"display:block; margin:0px auto 10px; text-align:center;cursor:pointer; cursor:hand;width: 400px; height: 400px;\" src=\"http:\/\/2.bp.blogspot.com\/-DoxkxAohm7Q\/T0kD8gHkY6I\/AAAAAAAABGk\/49WQzPNavNA\/s400\/ContraCAPAp.JPG\" border=\"0\" alt=\"\" id=\"BLOGGER_PHOTO_ID_5713101940244898722\" \/><\/a>Boa tarde, amigos cultos e ocultos! Eu estava pensando em manter neste fim de semana a postagens de discos mais recentes, algo mais ligado ao pop\/rock nacional. Por\u00e9m fui surpreendido com a triste not\u00edcia da morte do Pery Ribeiro. Deixei de lado as guitarras para prestar aqui a minha homenagem ao grande int\u00e9rprete da nossa MPB. Acredito que muitos devem estar pesarosos, assim como eu. Embora eu poucas vezes tenha postado alguma coisa do Pery, sempre tive por ele uma grande admira\u00e7\u00e3o. Pery Ribeiro foi um cantor que marcou por diversas raz\u00f5es. Filho de dois outros grandes monstros sagrados da m\u00fasica brasileira, Herivelto Martins e Dalva de Oliveira, n\u00e3o podia ser outra coisa sen\u00e3o um artista, de muito talento \u00e9 bom dizer. Foi o primeiro int\u00e9rprete de &#8220;Garota de Ipanema&#8221;, assim como tamb\u00e9m na Bossa Nova, foi quem estreou diversos &#8216;hits&#8217;, principalmente de Menescal e Boscoli. Pery foi um artista que sempre cantou o amor e a paix\u00e3o. N\u00e3o foi por acaso ou para rimar que Caetano Veloso cita o artista em uma de suas m\u00fasicas: &#8220;&#8230;apaixonadamente como o Pery&#8221;. E foi lembrando dessa frase que eu me inspirei no t\u00edtulo desta colet\u00e2nea que montei e agora apresento a voc\u00eas. S\u00e3o 41 m\u00fasicas que ilustram um pouco o trabalho do artista. Selecionei algumas das que eu mais gosto e que se destacaram e sua carreira. Lament\u00e1vel essa perda e o pior \u00e9 que n\u00e3o tem ningu\u00e9m para ocupar o seu lugar. Vai fazer muita falta. Mas agora ele est\u00e1 no C\u00e9u, cantando ao lado dos pais e dos grandes amigos. Obrigado, Pery!<\/p>\n<div><\/div>\n<div style=\"text-align: center;\">manh\u00e3 (com o bossa tr\u00eas)<\/div>\n<div style=\"text-align: center;\">bola de meia, bola de gude &#8211; novo tempo<\/div>\n<div style=\"text-align: center;\">indecis\u00e3o (com luiz e\u00e7a)<\/div>\n<div style=\"text-align: center;\">samba do dom natural (com o bossa tr\u00eas)<\/div>\n<div style=\"text-align: center;\">manh\u00e3 de carnaval<\/div>\n<div style=\"text-align: center;\">s\u00f3 quero voc\u00ea<\/div>\n<div style=\"text-align: center;\">eu gosto da vida<\/div>\n<div style=\"text-align: center;\">de volta<\/div>\n<div style=\"text-align: center;\">palmeira triste<\/div>\n<div style=\"text-align: center;\">de onde vens (com luiz e\u00e7a)<\/div>\n<div style=\"text-align: center;\">oferenda (com luiz e\u00e7a)<\/div>\n<div style=\"text-align: center;\">tristeza (com o bossa tr\u00eas)<\/div>\n<div style=\"text-align: center;\">canto de ossanha (com o bossa tr\u00eas)<\/div>\n<div style=\"text-align: center;\">noves fora nada<\/div>\n<div style=\"text-align: center;\">samba de orfeu<\/div>\n<div style=\"text-align: center;\">sangrando &#8211; ponto de interroga\u00e7\u00e3o<\/div>\n<div style=\"text-align: center;\">quero quero &#8211; cheiro de mato<\/div>\n<div style=\"text-align: center;\">saudosa mangueira<\/div>\n<div style=\"text-align: center;\">lamento da lavadeira<\/div>\n<div style=\"text-align: center;\">diariamente<\/div>\n<div style=\"text-align: center;\">alvorada<\/div>\n<div style=\"text-align: center;\">segredo<\/div>\n<div style=\"text-align: center;\">caminhemos<\/div>\n<div style=\"text-align: center;\">evolu\u00e7\u00e3o<\/div>\n<div style=\"text-align: center;\">n\u00f3s e o mar<\/div>\n<div style=\"text-align: center;\">rio<\/div>\n<div style=\"text-align: center;\">bossa na praia<\/div>\n<div style=\"text-align: center;\">se pelo menos voc\u00ea fosse minha<\/div>\n<div style=\"text-align: center;\">lamento negro<\/div>\n<div style=\"text-align: center;\">me lembro vagamente<\/div>\n<div style=\"text-align: center;\">garota de ipanema<\/div>\n<div style=\"text-align: center;\">s\u00f3 nos resta viver &#8211; meu amigo, meu her\u00f3i<\/div>\n<div style=\"text-align: center;\">can\u00e7\u00e3o que morre no ar (com luiz e\u00e7a)<\/div>\n<div style=\"text-align: center;\">bandeira branca<\/div>\n<div style=\"text-align: center;\">aruanda<\/div>\n<div style=\"text-align: center;\">laura<\/div>\n<div style=\"text-align: center;\">segredo (com dalva de oliveira)<\/div>\n<div style=\"text-align: center;\">ave maria (com dalva de oliveira)<\/div>\n<div style=\"text-align: center;\">ave maria do morro (herivelto martins)<\/div>\n<div style=\"text-align: center;\">r\u00e9quiem<\/div>\n<div style=\"text-align: center;\"><\/div>\n<div style=\"text-align: center;\"><\/div>\n","protected":false},"excerpt":{"rendered":"<p>Boa tarde, amigos cultos e ocultos! Eu estava pensando em manter neste fim de semana a postagens de discos mais recentes, algo mais ligado ao pop\/rock nacional. Por\u00e9m fui surpreendido com a triste not\u00edcia da morte do Pery Ribeiro. Deixei &hellip; <a href=\"https:\/\/www.toque-musicall.com\/?p=140\">Continue lendo <span class=\"meta-nav\">&rarr;<\/span><\/a><\/p>\n","protected":false},"author":1,"featured_media":0,"comment_status":"open","ping_status":"closed","sticky":false,"template":"","format":"standard","meta":{"footnotes":""},"categories":[249,11,250],"tags":[],"class_list":["post-140","post","type-post","status-publish","format-standard","hentry","category-coletanea-toque-musical","category-exclusivos-do-toque-musical","category-pery-ribeiro"],"_links":{"self":[{"href":"https:\/\/www.toque-musicall.com\/index.php?rest_route=\/wp\/v2\/posts\/140","targetHints":{"allow":["GET"]}}],"collection":[{"href":"https:\/\/www.toque-musicall.com\/index.php?rest_route=\/wp\/v2\/posts"}],"about":[{"href":"https:\/\/www.toque-musicall.com\/index.php?rest_route=\/wp\/v2\/types\/post"}],"author":[{"embeddable":true,"href":"https:\/\/www.toque-musicall.com\/index.php?rest_route=\/wp\/v2\/users\/1"}],"replies":[{"embeddable":true,"href":"https:\/\/www.toque-musicall.com\/index.php?rest_route=%2Fwp%2Fv2%2Fcomments&post=140"}],"version-history":[{"count":0,"href":"https:\/\/www.toque-musicall.com\/index.php?rest_route=\/wp\/v2\/posts\/140\/revisions"}],"wp:attachment":[{"href":"https:\/\/www.toque-musicall.com\/index.php?rest_route=%2Fwp%2Fv2%2Fmedia&parent=140"}],"wp:term":[{"taxonomy":"category","embeddable":true,"href":"https:\/\/www.toque-musicall.com\/index.php?rest_route=%2Fwp%2Fv2%2Fcategories&post=140"},{"taxonomy":"post_tag","embeddable":true,"href":"https:\/\/www.toque-musicall.com\/index.php?rest_route=%2Fwp%2Fv2%2Ftags&post=140"}],"curies":[{"name":"wp","href":"https:\/\/api.w.org\/{rel}","templated":true}]}}