{"id":1403,"date":"2008-11-08T21:26:00","date_gmt":"2008-11-08T21:26:00","guid":{"rendered":"http:\/\/www.toque-musicall.com\/?p=1403"},"modified":"2008-11-08T21:26:00","modified_gmt":"2008-11-08T21:26:00","slug":"os-carbonos-as-12-mais-da-juventude-vol-4-1969","status":"publish","type":"post","link":"https:\/\/www.toque-musicall.com\/?p=1403","title":{"rendered":"Os Carbonos &#8211; As 12 Mais Da Juventude Vol. 4 (1969)"},"content":{"rendered":"<div align=\"left\"><a href=\"http:\/\/1.bp.blogspot.com\/_DSKVEvHtskc\/SRYF82mZd_I\/AAAAAAAAC0s\/Pgyq1nlF3t8\/s1600-h\/os+carbonos+P.JPG\"><img decoding=\"async\" id=\"BLOGGER_PHOTO_ID_5266403357263230962\" style=\"DISPLAY: block; MARGIN: 0px auto 10px; WIDTH: 400px; CURSOR: hand; HEIGHT: 392px; TEXT-ALIGN: center\" alt=\"\" src=\"http:\/\/1.bp.blogspot.com\/_DSKVEvHtskc\/SRYF82mZd_I\/AAAAAAAAC0s\/Pgyq1nlF3t8\/s400\/os+carbonos+P.JPG\" border=\"0\" \/><\/a>Um dos grupos mais postado aqui no Toque Musical e certamente um dos que mais d\u00e1 &#8216;ibope&#8217;. <a href=\"http:\/\/toque-musical.blogspot.com\/search?q=Os+Carbonos\">Os Carbonos<\/a> foram os precursores do &#8216;cover&#8217; no Brasil. A especialidade do grupo era tocar sucessos nacionais e internacionais. Gravaram dezenas de discos, muitos instrumentais, como j\u00e1 vimos. Gravaram tamb\u00e9m com outros artistas da Jovem Guarda e at\u00e9 onde sei, continuavam atuantes acompanhado o cantor Gilliard em discos e shows.<br \/>Neste \u00e1lbum, j\u00e1 tradicional do grupo, temos o volume 4 dAs 12 mais da juventude. Em minha modesta opini\u00e3o um dos melhores, com um repert\u00f3rio selecionado que ir\u00e1 agradar. Confiram&#8230;<\/div>\n<div align=\"left\"> <\/div>\n<div align=\"center\">.<\/div>\n<div align=\"center\"><\/div>\n<div align=\"center\">hold me tight<\/div>\n<div align=\"center\">two bit manchild<\/div>\n<div align=\"center\">\u00e9 meu, \u00e9 meu, \u00e9 meu<\/div>\n<div align=\"center\">ela \u00e9 minha menina<\/div>\n<div align=\"center\">sou louco por voc\u00ea<\/div>\n<div align=\"center\">eu sei que gosto de voc\u00ea<\/div>\n<div align=\"center\">ob-la-di ob-la-d\u00e1<\/div>\n<div align=\"center\">no dia em que parti<\/div>\n<div align=\"center\">sealed witha kiss<\/div>\n<div align=\"center\">ela \u00e9 t\u00e3o linda<\/div>\n<div align=\"center\">o tempo vai apagar<\/div>\n<div align=\"center\">veja<\/div>\n<div align=\"center\"><\/div>\n<div align=\"center\"><\/div>\n<div align=\"center\"><\/div>\n<div align=\"center\"><\/div>\n","protected":false},"excerpt":{"rendered":"<p>Um dos grupos mais postado aqui no Toque Musical e certamente um dos que mais d\u00e1 &#8216;ibope&#8217;. Os Carbonos foram os precursores do &#8216;cover&#8217; no Brasil. A especialidade do grupo era tocar sucessos nacionais e internacionais. Gravaram dezenas de discos, &hellip; <a href=\"https:\/\/www.toque-musicall.com\/?p=1403\">Continue lendo <span class=\"meta-nav\">&rarr;<\/span><\/a><\/p>\n","protected":false},"author":1,"featured_media":0,"comment_status":"open","ping_status":"closed","sticky":false,"template":"","format":"standard","meta":{"footnotes":""},"categories":[422],"tags":[],"class_list":["post-1403","post","type-post","status-publish","format-standard","hentry","category-os-carbonos"],"_links":{"self":[{"href":"https:\/\/www.toque-musicall.com\/index.php?rest_route=\/wp\/v2\/posts\/1403","targetHints":{"allow":["GET"]}}],"collection":[{"href":"https:\/\/www.toque-musicall.com\/index.php?rest_route=\/wp\/v2\/posts"}],"about":[{"href":"https:\/\/www.toque-musicall.com\/index.php?rest_route=\/wp\/v2\/types\/post"}],"author":[{"embeddable":true,"href":"https:\/\/www.toque-musicall.com\/index.php?rest_route=\/wp\/v2\/users\/1"}],"replies":[{"embeddable":true,"href":"https:\/\/www.toque-musicall.com\/index.php?rest_route=%2Fwp%2Fv2%2Fcomments&post=1403"}],"version-history":[{"count":0,"href":"https:\/\/www.toque-musicall.com\/index.php?rest_route=\/wp\/v2\/posts\/1403\/revisions"}],"wp:attachment":[{"href":"https:\/\/www.toque-musicall.com\/index.php?rest_route=%2Fwp%2Fv2%2Fmedia&parent=1403"}],"wp:term":[{"taxonomy":"category","embeddable":true,"href":"https:\/\/www.toque-musicall.com\/index.php?rest_route=%2Fwp%2Fv2%2Fcategories&post=1403"},{"taxonomy":"post_tag","embeddable":true,"href":"https:\/\/www.toque-musicall.com\/index.php?rest_route=%2Fwp%2Fv2%2Ftags&post=1403"}],"curies":[{"name":"wp","href":"https:\/\/api.w.org\/{rel}","templated":true}]}}