{"id":1404,"date":"2008-11-07T20:23:00","date_gmt":"2008-11-07T20:23:00","guid":{"rendered":"http:\/\/www.toque-musicall.com\/?p=1404"},"modified":"2008-11-07T20:23:00","modified_gmt":"2008-11-07T20:23:00","slug":"ronnie-von-1967","status":"publish","type":"post","link":"https:\/\/www.toque-musicall.com\/?p=1404","title":{"rendered":"Ronnie Von (1967)"},"content":{"rendered":"<div align=\"left\"><a href=\"http:\/\/2.bp.blogspot.com\/_DSKVEvHtskc\/SRSr0iAtuzI\/AAAAAAAAC0k\/ZGiIywpIo9o\/s1600-h\/ronnie+von+P.JPG\"><img decoding=\"async\" id=\"BLOGGER_PHOTO_ID_5266022783274302258\" style=\"DISPLAY: block; MARGIN: 0px auto 10px; WIDTH: 400px; CURSOR: hand; HEIGHT: 396px; TEXT-ALIGN: center\" alt=\"\" src=\"http:\/\/2.bp.blogspot.com\/_DSKVEvHtskc\/SRSr0iAtuzI\/AAAAAAAAC0k\/ZGiIywpIo9o\/s400\/ronnie+von+P.JPG\" border=\"0\" \/><\/a>Escalado meio que de \u00faltima hora, teremos para hoje o <a href=\"http:\/\/toque-musical.blogspot.com\/search?q=Ronnie+Von\">Ronnie Von<\/a>, que com este vai para o terceiro j\u00e1 postado aqui. Um artista com um p\u00e9 l\u00e1 outro c\u00e1, acabou assumindo sua faceta mais pop e rom\u00e2ntica. Aqui, neste \u00e1lbum de 67, ele inaugura &#8220;A pra\u00e7a&#8221;, m\u00fasica de autoria Carlos Imperial e que se tornaria seu grande sucesso. At\u00e9 hoje tem gente que pede: &#8220;Canta aquela da pra\u00e7a?&#8221; E ele tem mais \u00e9 que cantar, pois todo mundo cantou.<\/div>\n<div align=\"left\">Este disquinho \u00e9 bem interessante e veio hoje meio que para anunciar novos ventos. Sopra&#8230;<\/div>\n<div align=\"center\"> <\/div>\n<div align=\"center\"><\/div>\n<div align=\"center\">a pra\u00e7a<\/div>\n<div align=\"center\">escuta, meu amor<\/div>\n<div align=\"center\">vamos protestar<\/div>\n<div align=\"center\">can\u00e7\u00e3o de ninar meu bem<\/div>\n<div align=\"center\">igual a peter pan<\/div>\n<div align=\"center\">vamos cantar<\/div>\n<div align=\"center\">se algu\u00e9m chorou<\/div>\n<div align=\"center\">\n<div align=\"center\">a catedral<\/div>\n<\/div>\n<div align=\"center\">o carpinteiro<\/div>\n<div align=\"center\">menina flor<\/div>\n<div align=\"center\">minha hist\u00f3ria<\/div>\n<div align=\"center\">o mundo que eu pensei<\/div>\n<div align=\"center\"><\/div>\n<div align=\"center\"><\/div>\n<div align=\"center\"> <\/div>\n<div align=\"center\"> <\/div>\n","protected":false},"excerpt":{"rendered":"<p>Escalado meio que de \u00faltima hora, teremos para hoje o Ronnie Von, que com este vai para o terceiro j\u00e1 postado aqui. Um artista com um p\u00e9 l\u00e1 outro c\u00e1, acabou assumindo sua faceta mais pop e rom\u00e2ntica. Aqui, neste &hellip; <a href=\"https:\/\/www.toque-musicall.com\/?p=1404\">Continue lendo <span class=\"meta-nav\">&rarr;<\/span><\/a><\/p>\n","protected":false},"author":1,"featured_media":0,"comment_status":"open","ping_status":"closed","sticky":false,"template":"","format":"standard","meta":{"footnotes":""},"categories":[519],"tags":[],"class_list":["post-1404","post","type-post","status-publish","format-standard","hentry","category-ronnie-von"],"_links":{"self":[{"href":"https:\/\/www.toque-musicall.com\/index.php?rest_route=\/wp\/v2\/posts\/1404","targetHints":{"allow":["GET"]}}],"collection":[{"href":"https:\/\/www.toque-musicall.com\/index.php?rest_route=\/wp\/v2\/posts"}],"about":[{"href":"https:\/\/www.toque-musicall.com\/index.php?rest_route=\/wp\/v2\/types\/post"}],"author":[{"embeddable":true,"href":"https:\/\/www.toque-musicall.com\/index.php?rest_route=\/wp\/v2\/users\/1"}],"replies":[{"embeddable":true,"href":"https:\/\/www.toque-musicall.com\/index.php?rest_route=%2Fwp%2Fv2%2Fcomments&post=1404"}],"version-history":[{"count":0,"href":"https:\/\/www.toque-musicall.com\/index.php?rest_route=\/wp\/v2\/posts\/1404\/revisions"}],"wp:attachment":[{"href":"https:\/\/www.toque-musicall.com\/index.php?rest_route=%2Fwp%2Fv2%2Fmedia&parent=1404"}],"wp:term":[{"taxonomy":"category","embeddable":true,"href":"https:\/\/www.toque-musicall.com\/index.php?rest_route=%2Fwp%2Fv2%2Fcategories&post=1404"},{"taxonomy":"post_tag","embeddable":true,"href":"https:\/\/www.toque-musicall.com\/index.php?rest_route=%2Fwp%2Fv2%2Ftags&post=1404"}],"curies":[{"name":"wp","href":"https:\/\/api.w.org\/{rel}","templated":true}]}}