{"id":1407,"date":"2008-11-04T18:55:00","date_gmt":"2008-11-04T18:55:00","guid":{"rendered":"http:\/\/www.toque-musicall.com\/?p=1407"},"modified":"2008-11-04T18:55:00","modified_gmt":"2008-11-04T18:55:00","slug":"the-pops-1990","status":"publish","type":"post","link":"https:\/\/www.toque-musicall.com\/?p=1407","title":{"rendered":"The Pop&#8217;s (1990)"},"content":{"rendered":"<div align=\"left\"><a href=\"http:\/\/3.bp.blogspot.com\/_DSKVEvHtskc\/SRCdpqC-o8I\/AAAAAAAACz8\/Kks2pgSxThE\/s1600-h\/The+Pop\"><img decoding=\"async\" id=\"BLOGGER_PHOTO_ID_5264881303383090114\" style=\"DISPLAY: block; MARGIN: 0px auto 10px; WIDTH: 400px; CURSOR: hand; HEIGHT: 398px; TEXT-ALIGN: center\" alt=\"\" src=\"http:\/\/3.bp.blogspot.com\/_DSKVEvHtskc\/SRCdpqC-o8I\/AAAAAAAACz8\/Kks2pgSxThE\/s400\/The+Pop's+B.JPG\" border=\"0\" \/><\/a> Ol\u00e1 meus car\u00edssimos visitantes! Ainda continuo agarrado&#8230; sem muito tempo para qualquer coisa al\u00e9m do b\u00e1sico. Por isso, aqui vai mais um \u00e1lbum de gaveta, o qual eu n\u00e3o tive nem tempo para checar se estava certinho. Mas acho que est\u00e1 todo legal.<\/div>\n<div align=\"left\">Temos pela segunda vez no Toque Musical o grupo The Pop&#8217;s. Um conjunto essencialmente instrumental que fez muito sucesso nos anos 60. Eles acompanharam artistas como Wanderl\u00e9a, Erasmo Carlos, Nelson Gon\u00e7alves, Altemar Dutra, entre outros&#8230; Ao longo de sua exist\u00eancia, passaram por algumas mudan\u00e7as em sua forma\u00e7\u00e3o, o que se pode observar na sonoridade de seus discos. Este \u00e1lbum, relan\u00e7ado em 1990, \u00e9 provalvemente de 1969 depois da sa\u00edda de J. Cezar e Parada que, respectivamente vieram a formar Os Populares e o Parada 5. <\/div>\n<div align=\"center\"><\/div>\n<div align=\"center\"><\/div>\n<div align=\"center\">branca<\/div>\n<div align=\"center\">falando ao cora\u00e7\u00e3o<\/div>\n<div align=\"center\">esfinge<\/div>\n<div align=\"center\">ave maria<\/div>\n<div align=\"center\">despertar da montanha<\/div>\n<div align=\"center\">evoca\u00e7\u00e3o n.1 \/ frevo das vassourinhas n.1<\/div>\n<div align=\"center\">sonhos de amor<\/div>\n<div align=\"center\">o forasteiro<\/div>\n<div align=\"center\">poinciana<\/div>\n<div align=\"center\">sons de carrilh\u00f5es<\/div>\n<div align=\"center\">samba can\u00e7\u00e3o <\/div>\n<div align=\"center\">as sete maravilhas n.4<\/div>\n<div align=\"center\"><\/div>\n<div align=\"center\"><\/div>\n<div align=\"center\"><\/div>\n<div align=\"center\"><\/div>\n","protected":false},"excerpt":{"rendered":"<p>Ol\u00e1 meus car\u00edssimos visitantes! Ainda continuo agarrado&#8230; sem muito tempo para qualquer coisa al\u00e9m do b\u00e1sico. Por isso, aqui vai mais um \u00e1lbum de gaveta, o qual eu n\u00e3o tive nem tempo para checar se estava certinho. Mas acho que &hellip; <a href=\"https:\/\/www.toque-musicall.com\/?p=1407\">Continue lendo <span class=\"meta-nav\">&rarr;<\/span><\/a><\/p>\n","protected":false},"author":1,"featured_media":0,"comment_status":"open","ping_status":"closed","sticky":false,"template":"","format":"standard","meta":{"footnotes":""},"categories":[1608,381],"tags":[],"class_list":["post-1407","post","type-post","status-publish","format-standard","hentry","category-selo-padrao","category-the-pops"],"_links":{"self":[{"href":"https:\/\/www.toque-musicall.com\/index.php?rest_route=\/wp\/v2\/posts\/1407","targetHints":{"allow":["GET"]}}],"collection":[{"href":"https:\/\/www.toque-musicall.com\/index.php?rest_route=\/wp\/v2\/posts"}],"about":[{"href":"https:\/\/www.toque-musicall.com\/index.php?rest_route=\/wp\/v2\/types\/post"}],"author":[{"embeddable":true,"href":"https:\/\/www.toque-musicall.com\/index.php?rest_route=\/wp\/v2\/users\/1"}],"replies":[{"embeddable":true,"href":"https:\/\/www.toque-musicall.com\/index.php?rest_route=%2Fwp%2Fv2%2Fcomments&post=1407"}],"version-history":[{"count":0,"href":"https:\/\/www.toque-musicall.com\/index.php?rest_route=\/wp\/v2\/posts\/1407\/revisions"}],"wp:attachment":[{"href":"https:\/\/www.toque-musicall.com\/index.php?rest_route=%2Fwp%2Fv2%2Fmedia&parent=1407"}],"wp:term":[{"taxonomy":"category","embeddable":true,"href":"https:\/\/www.toque-musicall.com\/index.php?rest_route=%2Fwp%2Fv2%2Fcategories&post=1407"},{"taxonomy":"post_tag","embeddable":true,"href":"https:\/\/www.toque-musicall.com\/index.php?rest_route=%2Fwp%2Fv2%2Ftags&post=1407"}],"curies":[{"name":"wp","href":"https:\/\/api.w.org\/{rel}","templated":true}]}}