{"id":1408,"date":"2008-11-03T21:51:00","date_gmt":"2008-11-03T21:51:00","guid":{"rendered":"http:\/\/www.toque-musicall.com\/?p=1408"},"modified":"2008-11-03T21:51:00","modified_gmt":"2008-11-03T21:51:00","slug":"abertura-festival-da-nova-musica-brasileira-1975","status":"publish","type":"post","link":"https:\/\/www.toque-musicall.com\/?p=1408","title":{"rendered":"Abertura &#8211; Festival Da Nova M\u00fasica Brasileira (1975)"},"content":{"rendered":"<p><a href=\"http:\/\/3.bp.blogspot.com\/_DSKVEvHtskc\/TSYgFfBJ0HI\/AAAAAAAAHhk\/x1ENWTlHcyQ\/s1600\/abertura+P.JPG\"><img decoding=\"async\" style=\"TEXT-ALIGN: center; MARGIN: 0px auto 10px; WIDTH: 400px; DISPLAY: block; HEIGHT: 398px; CURSOR: hand\" id=\"BLOGGER_PHOTO_ID_5559166068633227378\" border=\"0\" alt=\"\" src=\"http:\/\/3.bp.blogspot.com\/_DSKVEvHtskc\/TSYgFfBJ0HI\/AAAAAAAAHhk\/x1ENWTlHcyQ\/s400\/abertura+P.JPG\" \/><\/a>Bom dia, amigos cultos e ocultos! Esta postagem est\u00e1 sendo novamente publicada, apesar das tentativas perpretadas por alguns invejosos, que de alguma forma conseguiram retirar esta e outras do nosso rol de raridades no Toque Musical. Tem gente que fica muito incomodada com o fato de alguns t\u00edtulos serem postados aqui primeiro. Como dizem, &#8216;a inveja \u00e9 uma merda!&#8217;.<\/p>\n<div>Como eu estou com um pouco de pregui\u00e7a, vou apenas fazer como a grande maioria&#8230; Segue a baixo um texto sobre o Festival Abertura, extra\u00eddo exatamente das p\u00e1ginas do site da Rede Globo.<\/div>\n<div><em>Lan\u00e7ado no final de 1974, com dire\u00e7\u00e3o de Arnaldo Artilheiro e Carlos de Oliveira e produ\u00e7\u00e3o de Renato Correa e Castro, o festival Abertura foi criado para estimular compositores e cantores que n\u00e3o tivessem conquistado at\u00e9 o terceiro lugar em qualquer outro festival televisionado. As m\u00fasicas eram selecionadas por uma comiss\u00e3o indicada pela dire\u00e7\u00e3o da Divis\u00e3o de Shows da Rede Globo e submetidas \u00e0 aprova\u00e7\u00e3o da dire\u00e7\u00e3o da Central Globo de Produ\u00e7\u00e3o (CGP). <\/em><\/div>\n<div><em>O festival teve cinco apresenta\u00e7\u00f5es, sendo quatro eliminat\u00f3rias e a final\u00edssima, realizadas entre janeiro e fevereiro de 1975, no Teatro Municipal em S\u00e3o Paulo, na presen\u00e7a de um p\u00fablico significativo. Quarenta m\u00fasicas participaram das eliminat\u00f3rias. O j\u00fari era formado por Marcos Valle, Diogo Pacheco, Damiano Cosella, Jo\u00e3o Evangelista Le\u00e3o, Maur\u00edcio Kubrusly, Jos\u00e9 M\u00e1rcio Penido e S\u00e9rgio Cabral, todos escolhidos pela dire\u00e7\u00e3o da Central Globo de Produ\u00e7\u00e3o e presididos por Alo\u00edsio de Oliveira, que n\u00e3o teve direito a voto. As m\u00fasicas classificadas foram divulgadas antes mesmo da realiza\u00e7\u00e3o do programa, e as gravadoras puderam veicular as can\u00e7\u00f5es nos meios de comunica\u00e7\u00e3o. Nas quatro eliminat\u00f3rias e na final\u00edssima foram apresentados shows de artistas consagrados da MPB, como Ivan Lins, Gal Costa, Martinho da Vila e Erasmo Carlos, que levaram ao palco suas mais recentes can\u00e7\u00f5es. Com a presen\u00e7a do ent\u00e3o prefeito de S\u00e3o Paulo, Miguel Colassuono, em 5 de fevereiro foram entregues no Teatro da Globo (SP) os pr\u00eamios em dinheiro aos tr\u00eas primeiros colocados. Carlos Vergueiro, autor de Como um ladr\u00e3o, conquistou o primeiro lugar; Fato consumado, de Djavan, ficou em segundo lugar; e Muito tudo, de Walter Franco, em terceiro. Os outros premiados foram Hermeto Pascoal, pelo melhor arranjo, com Porco na festa; Clementina de Jesus, como a melhor int\u00e9rprete com A morte de Chico Preto; e Alceu Valen\u00e7a, pelo incentivo \u00e0 pesquisa, com Vou danado pra Catende. Radam\u00e9s Gnatalli e M\u00e1rio Lago ganharam os pr\u00eamios de colabora\u00e7\u00e3o prestada \u00e0 MPB. <\/em><\/div>\n<div><em>.<\/em><\/div>\n<div align=\"center\"><\/div>\n<div align=\"center\">tamanco malandrinho &#8211; tom e dito<\/div>\n<div align=\"center\">cmo um ladr\u00e3o &#8211; carlinhos vergueiro<\/div>\n<div align=\"center\">antes que eu volte a ser nada &#8211; leci brand\u00e3o<\/div>\n<div align=\"center\">vaila &#8211; ednardo<\/div>\n<div align=\"center\">ben-ti-vi &#8211; jorge mautner<\/div>\n<div align=\"center\">\u00e9bano &#8211; luiz melodia<\/div>\n<div align=\"center\">ficaram nus &#8211; burnier e cartier<\/div>\n<div align=\"center\">fato consumado &#8211; djavan<\/div>\n<div align=\"center\">muito tudo &#8211; walter franco<\/div>\n<div align=\"center\">o tempo &#8211; reginaldo bessa<\/div>\n<div align=\"center\">princ\u00edpio do prazer &#8211; jards macal\u00e9<\/div>\n<div align=\"center\"><\/div>\n<div align=\"center\"><\/div>\n","protected":false},"excerpt":{"rendered":"<p>Bom dia, amigos cultos e ocultos! Esta postagem est\u00e1 sendo novamente publicada, apesar das tentativas perpretadas por alguns invejosos, que de alguma forma conseguiram retirar esta e outras do nosso rol de raridades no Toque Musical. Tem gente que fica &hellip; <a href=\"https:\/\/www.toque-musicall.com\/?p=1408\">Continue lendo <span class=\"meta-nav\">&rarr;<\/span><\/a><\/p>\n","protected":false},"author":1,"featured_media":0,"comment_status":"open","ping_status":"closed","sticky":false,"template":"","format":"standard","meta":{"footnotes":""},"categories":[278,879],"tags":[],"class_list":["post-1408","post","type-post","status-publish","format-standard","hentry","category-festivais","category-festival-abertura"],"_links":{"self":[{"href":"https:\/\/www.toque-musicall.com\/index.php?rest_route=\/wp\/v2\/posts\/1408","targetHints":{"allow":["GET"]}}],"collection":[{"href":"https:\/\/www.toque-musicall.com\/index.php?rest_route=\/wp\/v2\/posts"}],"about":[{"href":"https:\/\/www.toque-musicall.com\/index.php?rest_route=\/wp\/v2\/types\/post"}],"author":[{"embeddable":true,"href":"https:\/\/www.toque-musicall.com\/index.php?rest_route=\/wp\/v2\/users\/1"}],"replies":[{"embeddable":true,"href":"https:\/\/www.toque-musicall.com\/index.php?rest_route=%2Fwp%2Fv2%2Fcomments&post=1408"}],"version-history":[{"count":0,"href":"https:\/\/www.toque-musicall.com\/index.php?rest_route=\/wp\/v2\/posts\/1408\/revisions"}],"wp:attachment":[{"href":"https:\/\/www.toque-musicall.com\/index.php?rest_route=%2Fwp%2Fv2%2Fmedia&parent=1408"}],"wp:term":[{"taxonomy":"category","embeddable":true,"href":"https:\/\/www.toque-musicall.com\/index.php?rest_route=%2Fwp%2Fv2%2Fcategories&post=1408"},{"taxonomy":"post_tag","embeddable":true,"href":"https:\/\/www.toque-musicall.com\/index.php?rest_route=%2Fwp%2Fv2%2Ftags&post=1408"}],"curies":[{"name":"wp","href":"https:\/\/api.w.org\/{rel}","templated":true}]}}