{"id":1409,"date":"2008-11-03T20:03:00","date_gmt":"2008-11-03T20:03:00","guid":{"rendered":"http:\/\/www.toque-musicall.com\/?p=1409"},"modified":"2021-12-07T11:00:39","modified_gmt":"2021-12-07T13:00:39","slug":"leno-e-lilian-nao-acredito-1967","status":"publish","type":"post","link":"https:\/\/www.toque-musicall.com\/?p=1409","title":{"rendered":"Leno e Lilian &#8211; N\u00e3o Acredito (1967)"},"content":{"rendered":"<p><a href=\"http:\/\/2.bp.blogspot.com\/_DSKVEvHtskc\/SQ9i4v_-wqI\/AAAAAAAACzE\/lASN4hzI9mE\/s1600-h\/Leno+e+Lilian+-+P.JPG\"><img decoding=\"async\" id=\"BLOGGER_PHOTO_ID_5264535216516416162\" style=\"display: block; margin: 0px auto 10px; width: 395px; cursor: hand; height: 400px; text-align: center;\" src=\"http:\/\/2.bp.blogspot.com\/_DSKVEvHtskc\/SQ9i4v_-wqI\/AAAAAAAACzE\/lASN4hzI9mE\/s400\/Leno+e+Lilian+-+P.JPG\" alt=\"\" border=\"0\" \/><\/a>Voltando gradativamente&#8230;, e tamb\u00e9m pela minha total falta de tempo para preparar um tema semanal, estou aproveitando os meus j\u00e1 famosos &#8216;\u00e1lbuns de gaveta&#8217; \ud83d\ude42 para salvar o dia. Como a Jovem Guarda foi tamb\u00e9m celeiro para a m\u00fasica brega, escolhi para hoje uma dupla que tem um p\u00e9 no brega e outro no rock, Leno &amp; Lilian. &#8220;N\u00e3o acredito&#8221; \u00e9 um cl\u00e1ssico da Jovem Guarda que todo mundo j\u00e1 conhece ou pelo menos j\u00e1 ouviu falar. Um bom disco, cheio de vers\u00f5es, mas que agrada em cheio. Desculpem, mas hoje o bicho t\u00e1 pegado&#8230;<\/p>\n<div align=\"center\">N\u00e3o acredito<br \/>\nUm novo amor surgir\u00e1<br \/>\nOu\u00e7am todos<br \/>\nParem tudo<br \/>\nResta esperar<br \/>\nN\u00e3o vai passar<br \/>\nSua lembran\u00e7a<br \/>\nN\u00e3o vou mais pensar em voc\u00ea<br \/>\nO mentiroso<br \/>\nNem mesmo em sonho<br \/>\nA mania que eu tenho<br \/>\nCoisinha est\u00fapida<br \/>\nA Pobreza<\/div>\n<div align=\"center\">Aquela can\u00e7\u00e3o<\/div>\n<div align=\"center\"><\/div>\n<div align=\"center\"><\/div>\n<div align=\"center\"><\/div>\n<div align=\"center\"><\/div>\n","protected":false},"excerpt":{"rendered":"<p>Voltando gradativamente&#8230;, e tamb\u00e9m pela minha total falta de tempo para preparar um tema semanal, estou aproveitando os meus j\u00e1 famosos &#8216;\u00e1lbuns de gaveta&#8217; \ud83d\ude42 para salvar o dia. Como a Jovem Guarda foi tamb\u00e9m celeiro para a m\u00fasica brega, &hellip; <a href=\"https:\/\/www.toque-musicall.com\/?p=1409\">Continue lendo <span class=\"meta-nav\">&rarr;<\/span><\/a><\/p>\n","protected":false},"author":1,"featured_media":0,"comment_status":"open","ping_status":"closed","sticky":false,"template":"","format":"standard","meta":{"footnotes":""},"categories":[1604,1609],"tags":[],"class_list":["post-1409","post","type-post","status-publish","format-standard","hentry","category-gileno","category-leno-e-lilian"],"_links":{"self":[{"href":"https:\/\/www.toque-musicall.com\/index.php?rest_route=\/wp\/v2\/posts\/1409","targetHints":{"allow":["GET"]}}],"collection":[{"href":"https:\/\/www.toque-musicall.com\/index.php?rest_route=\/wp\/v2\/posts"}],"about":[{"href":"https:\/\/www.toque-musicall.com\/index.php?rest_route=\/wp\/v2\/types\/post"}],"author":[{"embeddable":true,"href":"https:\/\/www.toque-musicall.com\/index.php?rest_route=\/wp\/v2\/users\/1"}],"replies":[{"embeddable":true,"href":"https:\/\/www.toque-musicall.com\/index.php?rest_route=%2Fwp%2Fv2%2Fcomments&post=1409"}],"version-history":[{"count":1,"href":"https:\/\/www.toque-musicall.com\/index.php?rest_route=\/wp\/v2\/posts\/1409\/revisions"}],"predecessor-version":[{"id":8990,"href":"https:\/\/www.toque-musicall.com\/index.php?rest_route=\/wp\/v2\/posts\/1409\/revisions\/8990"}],"wp:attachment":[{"href":"https:\/\/www.toque-musicall.com\/index.php?rest_route=%2Fwp%2Fv2%2Fmedia&parent=1409"}],"wp:term":[{"taxonomy":"category","embeddable":true,"href":"https:\/\/www.toque-musicall.com\/index.php?rest_route=%2Fwp%2Fv2%2Fcategories&post=1409"},{"taxonomy":"post_tag","embeddable":true,"href":"https:\/\/www.toque-musicall.com\/index.php?rest_route=%2Fwp%2Fv2%2Ftags&post=1409"}],"curies":[{"name":"wp","href":"https:\/\/api.w.org\/{rel}","templated":true}]}}