{"id":1411,"date":"2008-11-02T11:19:00","date_gmt":"2008-11-02T11:19:00","guid":{"rendered":"http:\/\/www.toque-musicall.com\/?p=1411"},"modified":"2008-11-02T11:19:00","modified_gmt":"2008-11-02T11:19:00","slug":"beleza-pura-o-fino-do-brega-2005","status":"publish","type":"post","link":"https:\/\/www.toque-musicall.com\/?p=1411","title":{"rendered":"Beleza Pura &#8211; O Fino Do Brega (2005)"},"content":{"rendered":"<div align=\"left\"><a href=\"http:\/\/3.bp.blogspot.com\/_DSKVEvHtskc\/SQ2R1bbCXqI\/AAAAAAAACy0\/njDaD-DpuHQ\/s1600-h\/P.JPG\"><img decoding=\"async\" id=\"BLOGGER_PHOTO_ID_5264023886546230946\" style=\"DISPLAY: block; MARGIN: 0px auto 10px; WIDTH: 400px; CURSOR: hand; HEIGHT: 396px; TEXT-ALIGN: center\" alt=\"\" src=\"http:\/\/3.bp.blogspot.com\/_DSKVEvHtskc\/SQ2R1bbCXqI\/AAAAAAAACy0\/njDaD-DpuHQ\/s400\/P.JPG\" border=\"0\" \/><\/a> Depois de ter postado o Evaldo Braga, achei que seria muito interessante trazer esta colet\u00e2nea que (mod\u00e9stia \u00e0 parte) ficou realmente fina. Eu havia criado esta sele\u00e7\u00e3o em 2005, com direito a capinha e tudo mais, para presentear os meus amigos. Chegou at\u00e9 a ser divulgada em um extinto blog musical, o Acesso Raro, um dos pioneiros nessa nova onda musical. O disquinho fez o maior sucesso e muita gente ainda procura por ele. N\u00e3o h\u00e1 nada melhor para se tocar num fim de festa, todo mundo j\u00e1 &#8216;mamado&#8217;, come\u00e7a ent\u00e3o a distra\u00e7\u00e3o. \u00c9 nessa hora que o &#8216;cabra metido a besta&#8217;, que diz que s\u00f3 ouve jazz e bossa nova, &#8216;solta a franga&#8217;. Tem tamb\u00e9m a mo\u00e7ada mais nova, que mesmo ligada no rock e tantas novidades, n\u00e3o dispensa a baranguice. Essas m\u00fasicas s\u00e3o \u00f3timas!<\/div>\n<div align=\"left\">S\u00e9rio mesmo, tem que ouvir&#8230; merece nossa aten\u00e7\u00e3o. Mas h\u00e1 de se entender que existe tamb\u00e9m uma diferen\u00e7a entre m\u00fasica brega e estilo brega. Este \u00faltimo j\u00e1 \u00e9 uma coisa for\u00e7ada, um sub-produto do brega. A\u00ed \u00e9 foda! O brega \u00e9 barango por natureza, t\u00e1 na ess\u00eancia do artista e n\u00e3o na formata\u00e7\u00e3o do empres\u00e1rio ou gravadora. Escutem esta sele\u00e7\u00e3o e comentem depois. Se meu tempo permitir, ainda hoje postarei outro que eu acho o m\u00e1ximo. Ta\u00ed, o toque t\u00e1 dado!<\/div>\n<p><\/p>\n<div align=\"center\">no hospital &#8211; amado batista<\/div>\n<div align=\"center\">cadeira de rodas &#8211; fernando mendes<\/div>\n<div align=\"center\">sorria, sorria &#8211; evaldo braga<\/div>\n<div align=\"center\">pare de tomar a p\u00edrula &#8211; odair jos\u00e9<\/div>\n<div align=\"center\">eu vou tirar voc\u00ea deste lugar &#8211; odair jos\u00e9<\/div>\n<div align=\"center\">eu n\u00e3o sou cachorro n\u00e3o &#8211; waldick soriano<\/div>\n<div align=\"center\">sandra rosa madalena &#8211; sidney magal<\/div>\n<div align=\"center\">o meu sague ferve por voc\u00ea &#8211; sidney magal<\/div>\n<div align=\"center\">se te agarro com outro &#8211; sidney magal<\/div>\n<div align=\"center\">n\u00e3o se v\u00e1 &#8211; jane e erondi<\/div>\n<div align=\"center\">espere um pouco, um pouquinho s\u00f3 &#8211; nilton cesar<\/div>\n<div align=\"center\">telefone celular &#8211; raimundo soldado<\/div>\n<div align=\"center\">eu vou rifar meu cora\u00e7\u00e3o &#8211; lindomar castilho<\/div>\n<div align=\"center\">cora\u00e7\u00e3o vagabundo &#8211; lindomar castilho<\/div>\n<div align=\"center\">n\u00f3s somos dois sem vergonhas &#8211; lindomar castilho<\/div>\n<div align=\"center\">voc\u00ea \u00e9 doida demais &#8211; lindomar castilho<\/div>\n<div align=\"center\">cora\u00e7\u00e3o de luto (churaquinho de m\u00e3e) &#8211; teixerinha<\/div>\n<div align=\"center\">eu sou rebelde &#8211; lilian<\/div>\n<div align=\"center\">aquela nuvem &#8211; gilliard<\/div>\n<div align=\"center\"><\/div>\n<div align=\"center\"><\/div>\n<div align=\"center\"><\/div>\n<div align=\"center\"><\/div>\n","protected":false},"excerpt":{"rendered":"<p>Depois de ter postado o Evaldo Braga, achei que seria muito interessante trazer esta colet\u00e2nea que (mod\u00e9stia \u00e0 parte) ficou realmente fina. Eu havia criado esta sele\u00e7\u00e3o em 2005, com direito a capinha e tudo mais, para presentear os meus &hellip; <a href=\"https:\/\/www.toque-musicall.com\/?p=1411\">Continue lendo <span class=\"meta-nav\">&rarr;<\/span><\/a><\/p>\n","protected":false},"author":1,"featured_media":0,"comment_status":"open","ping_status":"closed","sticky":false,"template":"","format":"standard","meta":{"footnotes":""},"categories":[1611,11],"tags":[],"class_list":["post-1411","post","type-post","status-publish","format-standard","hentry","category-beleza-pura-o-fino-do-brega","category-exclusivos-do-toque-musical"],"_links":{"self":[{"href":"https:\/\/www.toque-musicall.com\/index.php?rest_route=\/wp\/v2\/posts\/1411","targetHints":{"allow":["GET"]}}],"collection":[{"href":"https:\/\/www.toque-musicall.com\/index.php?rest_route=\/wp\/v2\/posts"}],"about":[{"href":"https:\/\/www.toque-musicall.com\/index.php?rest_route=\/wp\/v2\/types\/post"}],"author":[{"embeddable":true,"href":"https:\/\/www.toque-musicall.com\/index.php?rest_route=\/wp\/v2\/users\/1"}],"replies":[{"embeddable":true,"href":"https:\/\/www.toque-musicall.com\/index.php?rest_route=%2Fwp%2Fv2%2Fcomments&post=1411"}],"version-history":[{"count":0,"href":"https:\/\/www.toque-musicall.com\/index.php?rest_route=\/wp\/v2\/posts\/1411\/revisions"}],"wp:attachment":[{"href":"https:\/\/www.toque-musicall.com\/index.php?rest_route=%2Fwp%2Fv2%2Fmedia&parent=1411"}],"wp:term":[{"taxonomy":"category","embeddable":true,"href":"https:\/\/www.toque-musicall.com\/index.php?rest_route=%2Fwp%2Fv2%2Fcategories&post=1411"},{"taxonomy":"post_tag","embeddable":true,"href":"https:\/\/www.toque-musicall.com\/index.php?rest_route=%2Fwp%2Fv2%2Ftags&post=1411"}],"curies":[{"name":"wp","href":"https:\/\/api.w.org\/{rel}","templated":true}]}}