{"id":1412,"date":"2008-11-01T16:56:00","date_gmt":"2008-11-01T16:56:00","guid":{"rendered":"http:\/\/www.toque-musicall.com\/?p=1412"},"modified":"2008-11-01T16:56:00","modified_gmt":"2008-11-01T16:56:00","slug":"evaldo-braga-o-melhor-do-idolo-negro-1991","status":"publish","type":"post","link":"https:\/\/www.toque-musicall.com\/?p=1412","title":{"rendered":"Evaldo Braga &#8211; O Melhor Do \u00cddolo Negro (1991)"},"content":{"rendered":"<p><a href=\"http:\/\/1.bp.blogspot.com\/_DSKVEvHtskc\/SQycrXTpUPI\/AAAAAAAACys\/iurk5pOUp7Y\/s1600-h\/Evaldo+Braga+P.JPG\"><img decoding=\"async\" alt=\"\" border=\"0\" id=\"BLOGGER_PHOTO_ID_5263754333293990130\" src=\"http:\/\/1.bp.blogspot.com\/_DSKVEvHtskc\/SQycrXTpUPI\/AAAAAAAACys\/iurk5pOUp7Y\/s400\/Evaldo+Braga+P.JPG\" style=\"cursor: hand; display: block; height: 399px; margin: 0px auto 10px; text-align: center; width: 400px;\" \/><\/a>Ao longo da exist\u00eancia deste blog, tenho procurado postar discos que, de uma forma ou de outra, s\u00e3o importantes para todos n\u00f3s, apreciadores e disc\u00f3filos em geral. Embora o Toque Musical seja um espa\u00e7o pessoal, ele foi aos poucos ganhando a simpatia do p\u00fablico e eu em contrapartida decidi que o blog teria mais que apenas o que gosto de ouvir. Como j\u00e1 disse outras vezes aqui, gosto de tudo que \u00e9 bom, que tem qualidade, que tem conte\u00fado, que tem hist\u00f3ria&#8230; gosto de m\u00fasica e de muita coisa que est\u00e1 registrada em fonogramas. Por certo, muitos h\u00e3o de pensar que ouvir m\u00fasica brega \u00e9 sintoma de mal gosto. A esses eu diria que lhe faltam ampliar seus horizontes, deixarem de lado o radicalismo e tentarem compreender esse lado pitoresco da m\u00fasica. Observem que estou falando de m\u00fasica brega e n\u00e3o de m\u00fasica lixo. Embora do lixo tamb\u00e9m possamos sempre retirar alguma coisa, at\u00e9 mesmo um sarro com a cara daquele man\u00e9 que se rebola ao som do ax\u00e9, do funk-lingua-suja, do rap (rap?) ou vestido de cowboy cantando aquela maravilha sertanja (sertaneja?). Pois \u00e9, meus amigos, gosto n\u00e3o se discute, lamenta-se&#8230; Mas seja como for, tudo isso faz parte do universo musical em que vivemos. Precisamos conhecer e ouvir para poder julgar.<\/p>\n<div align=\"left\">Atendendo \u00e0 pedidos, estou hoje postando um \u00edcone da m\u00fasica chamada brega, o saudoso Evaldo Braga. Acho que a diferen\u00e7a b\u00e1sica do brega para o ruim est\u00e1 na originalidade e na autenticidade de artistas que n\u00e3o t\u00eam vergonha do que fazem. O brega \u00e9 rom\u00e2ntico e ing\u00eanuo. O ruim \u00e9 pretensioso e copioso. Mas todos os dois pertecem ao gosto mais popular. Interessante \u00e9 que muita coisa que hoje achamos ruim, no futuro, se permanecerem na mem\u00f3ria do povo, ser\u00e3o considerados bregas. Isso \u00e9 uma prova de que o brega est\u00e1 acima de qualquer suspeita. Isso precisa ser bem entendido.<\/div>\n<div align=\"left\">Voltando ao Evaldo Braga, temos aqui este \u00e1lbum lan\u00e7ado pela Polydor em 1991. Uma colet\u00e2nea com seus maiores sucessos. Um disco que sintetiza o trabalho deste artista que um dia foi considerado o supra-sumo da banalidade. <\/div>\n<p><\/p>\n<div><\/div>\n<div align=\"center\">sorria, sorria&#8230;<\/div>\n<div align=\"center\">n\u00e3o vou chorar<\/div>\n<div align=\"center\">fizeram tudo para me derrotar<\/div>\n<div align=\"center\">a cruz que carrego<\/div>\n<div align=\"center\">esconda o pranto num sorriso<\/div>\n<div align=\"center\">nunca mais, nunca mais<\/div>\n<div align=\"center\">eu desta vez vou te esquecer<\/div>\n<div align=\"center\">meu deus<\/div>\n<div align=\"center\">mentira <\/div>\n<div align=\"center\">s\u00f3 quero<\/div>\n<div align=\"center\">voc\u00ea n\u00e3o presta pra mim<\/div>\n<div align=\"center\">noite cheia de estrelas<\/div>\n<div align=\"center\">vem c\u00e1<\/div>\n<div align=\"center\"><\/div>\n<div align=\"center\"><\/div>\n<div align=\"center\"><\/div>\n<div align=\"center\"><\/div>\n","protected":false},"excerpt":{"rendered":"<p>Ao longo da exist\u00eancia deste blog, tenho procurado postar discos que, de uma forma ou de outra, s\u00e3o importantes para todos n\u00f3s, apreciadores e disc\u00f3filos em geral. Embora o Toque Musical seja um espa\u00e7o pessoal, ele foi aos poucos ganhando &hellip; <a href=\"https:\/\/www.toque-musicall.com\/?p=1412\">Continue lendo <span class=\"meta-nav\">&rarr;<\/span><\/a><\/p>\n","protected":false},"author":1,"featured_media":0,"comment_status":"open","ping_status":"closed","sticky":false,"template":"","format":"standard","meta":{"footnotes":""},"categories":[1612,146],"tags":[],"class_list":["post-1412","post","type-post","status-publish","format-standard","hentry","category-evaldo-braga","category-selo-polydor"],"_links":{"self":[{"href":"https:\/\/www.toque-musicall.com\/index.php?rest_route=\/wp\/v2\/posts\/1412","targetHints":{"allow":["GET"]}}],"collection":[{"href":"https:\/\/www.toque-musicall.com\/index.php?rest_route=\/wp\/v2\/posts"}],"about":[{"href":"https:\/\/www.toque-musicall.com\/index.php?rest_route=\/wp\/v2\/types\/post"}],"author":[{"embeddable":true,"href":"https:\/\/www.toque-musicall.com\/index.php?rest_route=\/wp\/v2\/users\/1"}],"replies":[{"embeddable":true,"href":"https:\/\/www.toque-musicall.com\/index.php?rest_route=%2Fwp%2Fv2%2Fcomments&post=1412"}],"version-history":[{"count":0,"href":"https:\/\/www.toque-musicall.com\/index.php?rest_route=\/wp\/v2\/posts\/1412\/revisions"}],"wp:attachment":[{"href":"https:\/\/www.toque-musicall.com\/index.php?rest_route=%2Fwp%2Fv2%2Fmedia&parent=1412"}],"wp:term":[{"taxonomy":"category","embeddable":true,"href":"https:\/\/www.toque-musicall.com\/index.php?rest_route=%2Fwp%2Fv2%2Fcategories&post=1412"},{"taxonomy":"post_tag","embeddable":true,"href":"https:\/\/www.toque-musicall.com\/index.php?rest_route=%2Fwp%2Fv2%2Ftags&post=1412"}],"curies":[{"name":"wp","href":"https:\/\/api.w.org\/{rel}","templated":true}]}}