{"id":1414,"date":"2008-10-30T15:08:00","date_gmt":"2008-10-30T15:08:00","guid":{"rendered":"http:\/\/www.toque-musicall.com\/?p=1414"},"modified":"2008-10-30T15:08:00","modified_gmt":"2008-10-30T15:08:00","slug":"pedrinho-rodrigues-o-sambista-1968","status":"publish","type":"post","link":"https:\/\/www.toque-musicall.com\/?p=1414","title":{"rendered":"Pedrinho Rodrigues &#8211; O Sambista (1968)"},"content":{"rendered":"<div align=\"left\"><a href=\"http:\/\/1.bp.blogspot.com\/_DSKVEvHtskc\/SQnOSgnjy_I\/AAAAAAAACyU\/JkIvEzOopyg\/s1600-h\/pedrinho+rodrigues+f.JPG\"><img decoding=\"async\" id=\"BLOGGER_PHOTO_ID_5262964456947960818\" style=\"DISPLAY: block; MARGIN: 0px auto 10px; WIDTH: 396px; CURSOR: hand; HEIGHT: 400px; TEXT-ALIGN: center\" alt=\"\" src=\"http:\/\/1.bp.blogspot.com\/_DSKVEvHtskc\/SQnOSgnjy_I\/AAAAAAAACyU\/JkIvEzOopyg\/s400\/pedrinho+rodrigues+f.JPG\" border=\"0\" \/><\/a> E l\u00e1 vamos n\u00f3s&#8230; enquanto os c\u00e3es ladram a caravana passa. N\u00e3o \u00e9 atoa que eu gosto de biscoito Maria, Maizena e tamb\u00e9m sou f\u00e3 das bolachas Mabel. Esse neg\u00f3cio de biscoito fino \u00e9 mesmo s\u00f3 pra gente ver e ingl\u00eas comprar para o ch\u00e1 das cinco. Me traz uma m\u00e9dia de caf\u00e9 num copo lagoinha que eu vou molhar o biscoito. Voc\u00eas sabem, &#8220;meu fraco \u00e9 caf\u00e9 forte&#8221;.<\/div>\n<div align=\"left\">E caf\u00e9 forte est\u00e1 aqui neste disco de Pedrinho Rodrigues, &#8220;O sambista&#8221;, lan\u00e7ado em 1968. Um \u00e1lbum bacana, com um repert\u00f3rio recheado de sambas bem conhecidos, como se pode ver logo a baixo, e interpretados com um certo estilo, que me faz lembrar o Wilson Simonal (apenas impress\u00f5es). Confiram j\u00e1 este toque musical, vale a pena!<\/div>\n<p><\/p>\n<div align=\"center\">fecha a janela<\/div>\n<div align=\"center\">segura esse samba<\/div>\n<div align=\"center\">cheguei (avise a maria)<\/div>\n<div align=\"center\">samba de roda de samba<\/div>\n<div align=\"center\">lapinha<\/div>\n<div align=\"center\">samba do alicate<\/div>\n<div align=\"center\">coisa feita<\/div>\n<div align=\"center\">dia de alegria<\/div>\n<div align=\"center\">tive sim<\/div>\n<div align=\"center\">pecadora<\/div>\n<div align=\"center\">hora e vez da solid\u00e3o<\/div>\n<div align=\"center\">seu deputado<\/div>\n<div align=\"center\"><\/div>\n<div align=\"center\"><\/div>\n","protected":false},"excerpt":{"rendered":"<p>E l\u00e1 vamos n\u00f3s&#8230; enquanto os c\u00e3es ladram a caravana passa. N\u00e3o \u00e9 atoa que eu gosto de biscoito Maria, Maizena e tamb\u00e9m sou f\u00e3 das bolachas Mabel. Esse neg\u00f3cio de biscoito fino \u00e9 mesmo s\u00f3 pra gente ver e &hellip; <a href=\"https:\/\/www.toque-musicall.com\/?p=1414\">Continue lendo <span class=\"meta-nav\">&rarr;<\/span><\/a><\/p>\n","protected":false},"author":1,"featured_media":0,"comment_status":"open","ping_status":"closed","sticky":false,"template":"","format":"standard","meta":{"footnotes":""},"categories":[1614],"tags":[],"class_list":["post-1414","post","type-post","status-publish","format-standard","hentry","category-pedrinho-rodrigues"],"_links":{"self":[{"href":"https:\/\/www.toque-musicall.com\/index.php?rest_route=\/wp\/v2\/posts\/1414","targetHints":{"allow":["GET"]}}],"collection":[{"href":"https:\/\/www.toque-musicall.com\/index.php?rest_route=\/wp\/v2\/posts"}],"about":[{"href":"https:\/\/www.toque-musicall.com\/index.php?rest_route=\/wp\/v2\/types\/post"}],"author":[{"embeddable":true,"href":"https:\/\/www.toque-musicall.com\/index.php?rest_route=\/wp\/v2\/users\/1"}],"replies":[{"embeddable":true,"href":"https:\/\/www.toque-musicall.com\/index.php?rest_route=%2Fwp%2Fv2%2Fcomments&post=1414"}],"version-history":[{"count":0,"href":"https:\/\/www.toque-musicall.com\/index.php?rest_route=\/wp\/v2\/posts\/1414\/revisions"}],"wp:attachment":[{"href":"https:\/\/www.toque-musicall.com\/index.php?rest_route=%2Fwp%2Fv2%2Fmedia&parent=1414"}],"wp:term":[{"taxonomy":"category","embeddable":true,"href":"https:\/\/www.toque-musicall.com\/index.php?rest_route=%2Fwp%2Fv2%2Fcategories&post=1414"},{"taxonomy":"post_tag","embeddable":true,"href":"https:\/\/www.toque-musicall.com\/index.php?rest_route=%2Fwp%2Fv2%2Ftags&post=1414"}],"curies":[{"name":"wp","href":"https:\/\/api.w.org\/{rel}","templated":true}]}}