{"id":1423,"date":"2008-10-21T18:46:00","date_gmt":"2008-10-21T18:46:00","guid":{"rendered":"http:\/\/www.toque-musicall.com\/?p=1423"},"modified":"2008-10-21T18:46:00","modified_gmt":"2008-10-21T18:46:00","slug":"tonico-e-tinoco-recordacao-sertaneja-1968","status":"publish","type":"post","link":"https:\/\/www.toque-musicall.com\/?p=1423","title":{"rendered":"Tonico E Tinoco &#8211; Recorda\u00e7\u00e3o Sertaneja (1968)"},"content":{"rendered":"<div align=\"left\"><a href=\"http:\/\/4.bp.blogspot.com\/_DSKVEvHtskc\/SP4kGdHaEoI\/AAAAAAAACxM\/jK_wTtFRMLY\/s1600-h\/Tonico+e+Tinoco+-+Recorda%C3%A7%C3%A3o+Sertaneja+P.JPG\"><img decoding=\"async\" id=\"BLOGGER_PHOTO_ID_5259681108128830082\" style=\"DISPLAY: block; MARGIN: 0px auto 10px; CURSOR: hand; TEXT-ALIGN: center\" alt=\"\" src=\"http:\/\/4.bp.blogspot.com\/_DSKVEvHtskc\/SP4kGdHaEoI\/AAAAAAAACxM\/jK_wTtFRMLY\/s400\/Tonico+e+Tinoco+-+Recorda%C3%A7%C3%A3o+Sertaneja+P.JPG\" border=\"0\" \/><\/a>Ol\u00e1! Como a semana come\u00e7ou com a Vanja Orico, acabei topando com as ra\u00edzes sertanejas e me veio uma vontade danada de postar uns caboclinhos de &#8216;p\u00e9-vermeio&#8217;, umas toadas e umas moda de viola&#8230; Da\u00ed lembrei de uma das mais conhecidas duplas sertanejas, Tonico e Tinoco e deste disquinho que d\u00e1 gosto at\u00e9 pela capa. &#8220;Recorda\u00e7\u00f5es Sertanejas&#8221; foi um lp re-lan\u00e7ado em 1968 pela Continental em seu selo Caboclo, destinado \u00e0 m\u00fasica caipira. O \u00e1lbum originalmente \u00e9 do final dos anos 50, um aut\u00eantico representante da m\u00fasica rural. Modelo que deveria ser seguido por essas &#8216;marmotas country&#8217; de hoje em dia que se dizem sertanejos. <\/div>\n<p><\/p>\n<div align=\"center\">exemplo da f\u00e9<\/div>\n<div align=\"center\">camisa preta<\/div>\n<div align=\"center\">lar feliz<\/div>\n<div align=\"center\">a\u00ed meu bem<\/div>\n<div align=\"center\">morte da caboclinha<\/div>\n<div align=\"center\">filho de carpinteiro<\/div>\n<div align=\"center\">m\u00e3e, sempre m\u00e3e<\/div>\n<div align=\"center\">canoeiro<\/div>\n<div align=\"center\">adeus bela<\/div>\n<div align=\"center\">voc\u00ea sabe onde moro<\/div>\n<div align=\"center\">sert\u00e3o do laranjinha<\/div>\n<div align=\"center\">tempo de amor<\/div>\n<div align=\"center\">a marca da ferradura<\/div>\n<div align=\"center\">besta ruana<\/div>\n<div align=\"center\"><\/div>\n<div align=\"center\"><\/div>\n<div align=\"center\"> <\/div>\n<div align=\"center\"> <\/div>\n","protected":false},"excerpt":{"rendered":"<p>Ol\u00e1! Como a semana come\u00e7ou com a Vanja Orico, acabei topando com as ra\u00edzes sertanejas e me veio uma vontade danada de postar uns caboclinhos de &#8216;p\u00e9-vermeio&#8217;, umas toadas e umas moda de viola&#8230; Da\u00ed lembrei de uma das mais &hellip; <a href=\"https:\/\/www.toque-musicall.com\/?p=1423\">Continue lendo <span class=\"meta-nav\">&rarr;<\/span><\/a><\/p>\n","protected":false},"author":1,"featured_media":0,"comment_status":"open","ping_status":"closed","sticky":false,"template":"","format":"standard","meta":{"footnotes":""},"categories":[892],"tags":[],"class_list":["post-1423","post","type-post","status-publish","format-standard","hentry","category-tonico-e-tinoco"],"_links":{"self":[{"href":"https:\/\/www.toque-musicall.com\/index.php?rest_route=\/wp\/v2\/posts\/1423","targetHints":{"allow":["GET"]}}],"collection":[{"href":"https:\/\/www.toque-musicall.com\/index.php?rest_route=\/wp\/v2\/posts"}],"about":[{"href":"https:\/\/www.toque-musicall.com\/index.php?rest_route=\/wp\/v2\/types\/post"}],"author":[{"embeddable":true,"href":"https:\/\/www.toque-musicall.com\/index.php?rest_route=\/wp\/v2\/users\/1"}],"replies":[{"embeddable":true,"href":"https:\/\/www.toque-musicall.com\/index.php?rest_route=%2Fwp%2Fv2%2Fcomments&post=1423"}],"version-history":[{"count":0,"href":"https:\/\/www.toque-musicall.com\/index.php?rest_route=\/wp\/v2\/posts\/1423\/revisions"}],"wp:attachment":[{"href":"https:\/\/www.toque-musicall.com\/index.php?rest_route=%2Fwp%2Fv2%2Fmedia&parent=1423"}],"wp:term":[{"taxonomy":"category","embeddable":true,"href":"https:\/\/www.toque-musicall.com\/index.php?rest_route=%2Fwp%2Fv2%2Fcategories&post=1423"},{"taxonomy":"post_tag","embeddable":true,"href":"https:\/\/www.toque-musicall.com\/index.php?rest_route=%2Fwp%2Fv2%2Ftags&post=1423"}],"curies":[{"name":"wp","href":"https:\/\/api.w.org\/{rel}","templated":true}]}}