{"id":1424,"date":"2008-10-20T16:18:00","date_gmt":"2008-10-20T16:18:00","guid":{"rendered":"http:\/\/www.toque-musicall.com\/?p=1424"},"modified":"2008-10-20T16:18:00","modified_gmt":"2008-10-20T16:18:00","slug":"vanja-orico-1981","status":"publish","type":"post","link":"https:\/\/www.toque-musicall.com\/?p=1424","title":{"rendered":"Vanja Orico (1981)"},"content":{"rendered":"<div align=\"left\"><a href=\"http:\/\/2.bp.blogspot.com\/_DSKVEvHtskc\/SPy0aPeX10I\/AAAAAAAACw8\/IEtGxf9gMko\/s1600-h\/vanja+P.JPG\"><img decoding=\"async\" id=\"BLOGGER_PHOTO_ID_5259276827785418562\" style=\"DISPLAY: block; MARGIN: 0px auto 10px; CURSOR: hand; TEXT-ALIGN: center\" alt=\"\" src=\"http:\/\/2.bp.blogspot.com\/_DSKVEvHtskc\/SPy0aPeX10I\/AAAAAAAACw8\/IEtGxf9gMko\/s400\/vanja+P.JPG\" border=\"0\" \/><\/a> Ol\u00e1 a todos! Come\u00e7amos mais uma semana musical, trazendo de volta aqueles discos que fizeram parte da nossa hist\u00f3ria. Teremos uma semana bem variada, para agradar \u00e0 gregos e troianos.<\/div>\n<div align=\"left\">Abrindo com Vanja Orico, atriz e cantora, em um de seus raros \u00e1lbuns. Digo raro em todos os sentidos, pois al\u00e9m de dif\u00edceis de encontrar, foram poucos gravados no Brasil. Durante um tempo quando viveu na Europa, gravou diversos EPs de 45 rpm pela Philips. Raro tamb\u00e9m \u00e9 ver o nome de Vanja na m\u00eddia, considerando que ela foi uma atriz descoberta por Fellini. Trabalhou com ele e Alberto Lattuada  em \u201cMulheres e Luzes\u201d, sua estr\u00e9ia no cinema. Foi uma das atrizes mais atuantes nos filmes do Ciclo do Canga\u00e7o. Trabalhou em diversas produ\u00e7\u00f5es estrageiras e nos anos 70 atacou tamb\u00e9m de cineasta e diretora no filme \u201cO Segredo da Rosa\u201d. Paralelo a tudo isso, ela sempre esteve cantando e se apresentando pela Europa. Seu repert\u00f3rio \u00e9 marcado pela valoriza\u00e7\u00e3o da cultura brasileira, da m\u00fasica de raiz, do folclore&#8230;<\/div>\n<div align=\"left\">Neste \u00e1lbum, temos alguns destaques como,  &#8220;Lamento de um homem s\u00f3&#8221; de Carlos Lyra e Vinicius de Moraes, &#8220;Varandas antigas&#8221; de Kleidir Ramil e Foga\u00e7a, &#8220;Quem d\u00e1 mais&#8221; de Noel Rosa, entre outras&#8230; Confiram este toque. \ud83d\ude09<\/div>\n<p><\/p>\n<div align=\"center\">bandeira da vida<\/div>\n<div align=\"center\">pra qu\u00ea?<\/div>\n<div align=\"center\">lamento de um homem s\u00f3<\/div>\n<div align=\"center\">roda morena<\/div>\n<div align=\"center\">viaduto do ch\u00e1<\/div>\n<div align=\"center\">canto xavante<\/div>\n<div align=\"center\">sele\u00e7\u00e3o de temas de &#8220;mulher rendeira&#8221;<\/div>\n<div align=\"center\">acorda maria bonita<\/div>\n<div align=\"center\">encontro das \u00e1guas<\/div>\n<div align=\"center\">joana calunga de lou\u00e7a<\/div>\n<div align=\"center\">um pequeno nada<\/div>\n<div align=\"center\">varandas antigas<\/div>\n<div align=\"center\">quem d\u00e1 mais?<\/div>\n<div align=\"center\"><\/div>\n<div align=\"center\"><\/div>\n<div align=\"center\"> <\/div>\n<div align=\"center\"> <\/div>\n","protected":false},"excerpt":{"rendered":"<p>Ol\u00e1 a todos! Come\u00e7amos mais uma semana musical, trazendo de volta aqueles discos que fizeram parte da nossa hist\u00f3ria. Teremos uma semana bem variada, para agradar \u00e0 gregos e troianos. Abrindo com Vanja Orico, atriz e cantora, em um de &hellip; <a href=\"https:\/\/www.toque-musicall.com\/?p=1424\">Continue lendo <span class=\"meta-nav\">&rarr;<\/span><\/a><\/p>\n","protected":false},"author":1,"featured_media":0,"comment_status":"open","ping_status":"closed","sticky":false,"template":"","format":"standard","meta":{"footnotes":""},"categories":[1347],"tags":[],"class_list":["post-1424","post","type-post","status-publish","format-standard","hentry","category-vanja-orico"],"_links":{"self":[{"href":"https:\/\/www.toque-musicall.com\/index.php?rest_route=\/wp\/v2\/posts\/1424","targetHints":{"allow":["GET"]}}],"collection":[{"href":"https:\/\/www.toque-musicall.com\/index.php?rest_route=\/wp\/v2\/posts"}],"about":[{"href":"https:\/\/www.toque-musicall.com\/index.php?rest_route=\/wp\/v2\/types\/post"}],"author":[{"embeddable":true,"href":"https:\/\/www.toque-musicall.com\/index.php?rest_route=\/wp\/v2\/users\/1"}],"replies":[{"embeddable":true,"href":"https:\/\/www.toque-musicall.com\/index.php?rest_route=%2Fwp%2Fv2%2Fcomments&post=1424"}],"version-history":[{"count":0,"href":"https:\/\/www.toque-musicall.com\/index.php?rest_route=\/wp\/v2\/posts\/1424\/revisions"}],"wp:attachment":[{"href":"https:\/\/www.toque-musicall.com\/index.php?rest_route=%2Fwp%2Fv2%2Fmedia&parent=1424"}],"wp:term":[{"taxonomy":"category","embeddable":true,"href":"https:\/\/www.toque-musicall.com\/index.php?rest_route=%2Fwp%2Fv2%2Fcategories&post=1424"},{"taxonomy":"post_tag","embeddable":true,"href":"https:\/\/www.toque-musicall.com\/index.php?rest_route=%2Fwp%2Fv2%2Ftags&post=1424"}],"curies":[{"name":"wp","href":"https:\/\/api.w.org\/{rel}","templated":true}]}}