{"id":1428,"date":"2008-10-16T14:54:00","date_gmt":"2008-10-16T14:54:00","guid":{"rendered":"http:\/\/www.toque-musicall.com\/?p=1428"},"modified":"2008-10-16T14:54:00","modified_gmt":"2008-10-16T14:54:00","slug":"alo-dolly-1966","status":"publish","type":"post","link":"https:\/\/www.toque-musicall.com\/?p=1428","title":{"rendered":"Al\u00f4, Dolly! (1966)"},"content":{"rendered":"<p><a href=\"http:\/\/1.bp.blogspot.com\/_DSKVEvHtskc\/SPeSCaJSf0I\/AAAAAAAACwc\/y9mFSXwkX8g\/s1600-h\/Al%C3%83%C2%B4+Dolly+-+Bibi+Ferreira+F.JPG\"><img decoding=\"async\" id=\"BLOGGER_PHOTO_ID_5257831660054019906\" style=\"DISPLAY: block; MARGIN: 0px auto 10px; CURSOR: hand; TEXT-ALIGN: center\" alt=\"\" src=\"http:\/\/1.bp.blogspot.com\/_DSKVEvHtskc\/SPeSCaJSf0I\/AAAAAAAACwc\/y9mFSXwkX8g\/s400\/Al%C3%B4+Dolly+-+Bibi+Ferreira+F.JPG\" border=\"0\" \/><\/a>Aqui, temos outro musical importante, que tamb\u00e9m n\u00e3o pode faltar nesta mostra, &#8220;Hello Dolly!&#8221; ou &#8220;Al\u00f4 Dolly!&#8221;. Sucesso de bilheteria e mundialmente conhecido, aqui no Brasil n\u00e3o foi diferente, a ponto de render temporadas e at\u00e9 esse disquinho. A vers\u00e3o brasileira contava com Bibi Ferreira, Paulo Fortes e um grande elenco, como podemos ver na capa.<br \/>Eu j\u00e1 vi este disco postado por a\u00ed, em outros blogs, n\u00e3o \u00e9 novidade. Mas aqui tamb\u00e9m temos a nossa vers\u00e3o. Desculpem, mas hoje o dia foi de amargar. J\u00e1 estou at\u00e9 &#8216;variando&#8217; de sono Zzzz&#8230;<\/p>\n<div align=\"center\">abertura<\/div>\n<div align=\"center\">ponho a m\u00e3ozinha aqui<\/div>\n<div align=\"center\">tem que ser aquela<\/div>\n<div align=\"center\">ponha uma roupa de domingo<\/div>\n<div align=\"center\">meu chapeu enfeitarei de fitas<\/div>\n<div align=\"center\">marche, marche, marche<\/div>\n<div align=\"center\">dan\u00e7ando<\/div>\n<div align=\"center\">na marcha da vida a passar<\/div>\n<div align=\"center\">elegancia<\/div>\n<div align=\"center\">al\u00f4 dolly!<\/div>\n<div align=\"center\">apenas um momento<\/div>\n<div align=\"center\">adeus, querida<\/div>\n<div align=\"center\">final<\/div>\n<div align=\"center\"><\/div>\n<div align=\"center\"><\/div>\n<div align=\"center\"> <\/div>\n<div align=\"center\"> <\/div>\n","protected":false},"excerpt":{"rendered":"<p>Aqui, temos outro musical importante, que tamb\u00e9m n\u00e3o pode faltar nesta mostra, &#8220;Hello Dolly!&#8221; ou &#8220;Al\u00f4 Dolly!&#8221;. Sucesso de bilheteria e mundialmente conhecido, aqui no Brasil n\u00e3o foi diferente, a ponto de render temporadas e at\u00e9 esse disquinho. A vers\u00e3o &hellip; <a href=\"https:\/\/www.toque-musicall.com\/?p=1428\">Continue lendo <span class=\"meta-nav\">&rarr;<\/span><\/a><\/p>\n","protected":false},"author":1,"featured_media":0,"comment_status":"open","ping_status":"closed","sticky":false,"template":"","format":"standard","meta":{"footnotes":""},"categories":[1622,1621,346],"tags":[],"class_list":["post-1428","post","type-post","status-publish","format-standard","hentry","category-alo-dolly","category-bibi-ferreira","category-trilhas"],"_links":{"self":[{"href":"https:\/\/www.toque-musicall.com\/index.php?rest_route=\/wp\/v2\/posts\/1428","targetHints":{"allow":["GET"]}}],"collection":[{"href":"https:\/\/www.toque-musicall.com\/index.php?rest_route=\/wp\/v2\/posts"}],"about":[{"href":"https:\/\/www.toque-musicall.com\/index.php?rest_route=\/wp\/v2\/types\/post"}],"author":[{"embeddable":true,"href":"https:\/\/www.toque-musicall.com\/index.php?rest_route=\/wp\/v2\/users\/1"}],"replies":[{"embeddable":true,"href":"https:\/\/www.toque-musicall.com\/index.php?rest_route=%2Fwp%2Fv2%2Fcomments&post=1428"}],"version-history":[{"count":0,"href":"https:\/\/www.toque-musicall.com\/index.php?rest_route=\/wp\/v2\/posts\/1428\/revisions"}],"wp:attachment":[{"href":"https:\/\/www.toque-musicall.com\/index.php?rest_route=%2Fwp%2Fv2%2Fmedia&parent=1428"}],"wp:term":[{"taxonomy":"category","embeddable":true,"href":"https:\/\/www.toque-musicall.com\/index.php?rest_route=%2Fwp%2Fv2%2Fcategories&post=1428"},{"taxonomy":"post_tag","embeddable":true,"href":"https:\/\/www.toque-musicall.com\/index.php?rest_route=%2Fwp%2Fv2%2Ftags&post=1428"}],"curies":[{"name":"wp","href":"https:\/\/api.w.org\/{rel}","templated":true}]}}