{"id":1429,"date":"2008-10-15T15:20:00","date_gmt":"2008-10-15T15:20:00","guid":{"rendered":"http:\/\/www.toque-musicall.com\/?p=1429"},"modified":"2008-10-15T15:20:00","modified_gmt":"2008-10-15T15:20:00","slug":"albertinho-fortuna-tangos-de-ontem-e-de-hoje-1970","status":"publish","type":"post","link":"https:\/\/www.toque-musicall.com\/?p=1429","title":{"rendered":"Albertinho Fortuna -Tangos De Ontem E De Hoje (1970)"},"content":{"rendered":"<p><a href=\"http:\/\/4.bp.blogspot.com\/_DSKVEvHtskc\/SPYKqGO_xbI\/AAAAAAAACwU\/rhj7BnropmQ\/s1600-h\/albertinho0+fortuna+P.JPG\"><img decoding=\"async\" id=\"BLOGGER_PHOTO_ID_5257401333345928626\" style=\"DISPLAY: block; MARGIN: 0px auto 10px; CURSOR: hand; TEXT-ALIGN: center\" alt=\"\" src=\"http:\/\/4.bp.blogspot.com\/_DSKVEvHtskc\/SPYKqGO_xbI\/AAAAAAAACwU\/rhj7BnropmQ\/s400\/albertinho0+fortuna+P.JPG\" border=\"0\" \/><\/a> Hoje, devido a minha total falta de tempo, serei ainda mais breve. Estou postando mais umdisco do Albertinho Fortuna porque n\u00e3o tive tempo ainda de preparar outro, seguindo a linha da semana. Como sei  que este cantor das antigas teve muito ibope por aqui, acho que mais uma dose ser\u00e1 benvinda. Temos ent\u00e3o este \u00e1lbum, lan\u00e7ado em 1970, que re\u00fane 14 tangos gravados por Alberto em dois momentos distintos, ainda nos tempos do bolach\u00e3o de 78 rpm. Como podemos ver as orquestra\u00e7\u00f5es e regencias s\u00e3o de Radam\u00e9s Gnatalli e Gerra Peixe. Voc\u00ea pode at\u00e9 n\u00e3o gostar de Albertinho Fortuna e at\u00e9 mesmo de tangos, mas a presen\u00e7a desses dois regentes j\u00e1 valem o disco.<\/p>\n<div align=\"center\">la cumparsita<\/div>\n<div align=\"center\">no confession\u00e1rio<\/div>\n<div align=\"center\">mentira<\/div>\n<div align=\"center\">eterno carnaval<\/div>\n<div align=\"center\">vou pedir a deus<\/div>\n<div align=\"center\">duas ta\u00e7as<\/div>\n<div align=\"center\">segue sozinha<\/div>\n<div align=\"center\">menino sem nome<\/div>\n<div align=\"center\">el dia que me queiras<\/div>\n<div align=\"center\">parque de brinquedos<\/div>\n<div align=\"center\">confesso que chorei<\/div>\n<div align=\"center\">nostalgias<\/div>\n<div align=\"center\">y todavia te quero<\/div>\n<div align=\"center\">cartas recebidas<\/div>\n<div align=\"center\"><\/div>\n<div align=\"center\"><\/div>\n<div align=\"center\"> <\/div>\n<div align=\"center\"> <\/div>\n","protected":false},"excerpt":{"rendered":"<p>Hoje, devido a minha total falta de tempo, serei ainda mais breve. Estou postando mais umdisco do Albertinho Fortuna porque n\u00e3o tive tempo ainda de preparar outro, seguindo a linha da semana. Como sei que este cantor das antigas teve &hellip; <a href=\"https:\/\/www.toque-musicall.com\/?p=1429\">Continue lendo <span class=\"meta-nav\">&rarr;<\/span><\/a><\/p>\n","protected":false},"author":1,"featured_media":0,"comment_status":"open","ping_status":"closed","sticky":false,"template":"","format":"standard","meta":{"footnotes":""},"categories":[1067],"tags":[],"class_list":["post-1429","post","type-post","status-publish","format-standard","hentry","category-albertinho-fortuna"],"_links":{"self":[{"href":"https:\/\/www.toque-musicall.com\/index.php?rest_route=\/wp\/v2\/posts\/1429","targetHints":{"allow":["GET"]}}],"collection":[{"href":"https:\/\/www.toque-musicall.com\/index.php?rest_route=\/wp\/v2\/posts"}],"about":[{"href":"https:\/\/www.toque-musicall.com\/index.php?rest_route=\/wp\/v2\/types\/post"}],"author":[{"embeddable":true,"href":"https:\/\/www.toque-musicall.com\/index.php?rest_route=\/wp\/v2\/users\/1"}],"replies":[{"embeddable":true,"href":"https:\/\/www.toque-musicall.com\/index.php?rest_route=%2Fwp%2Fv2%2Fcomments&post=1429"}],"version-history":[{"count":0,"href":"https:\/\/www.toque-musicall.com\/index.php?rest_route=\/wp\/v2\/posts\/1429\/revisions"}],"wp:attachment":[{"href":"https:\/\/www.toque-musicall.com\/index.php?rest_route=%2Fwp%2Fv2%2Fmedia&parent=1429"}],"wp:term":[{"taxonomy":"category","embeddable":true,"href":"https:\/\/www.toque-musicall.com\/index.php?rest_route=%2Fwp%2Fv2%2Fcategories&post=1429"},{"taxonomy":"post_tag","embeddable":true,"href":"https:\/\/www.toque-musicall.com\/index.php?rest_route=%2Fwp%2Fv2%2Ftags&post=1429"}],"curies":[{"name":"wp","href":"https:\/\/api.w.org\/{rel}","templated":true}]}}