{"id":1433,"date":"2008-10-11T23:23:00","date_gmt":"2008-10-11T23:23:00","guid":{"rendered":"http:\/\/www.toque-musicall.com\/?p=1433"},"modified":"2008-10-11T23:23:00","modified_gmt":"2008-10-11T23:23:00","slug":"miltinho-poema-do-fim-1965","status":"publish","type":"post","link":"https:\/\/www.toque-musicall.com\/?p=1433","title":{"rendered":"Miltinho &#8211; Poema do Fim (1965)"},"content":{"rendered":"<p><a href=\"http:\/\/2.bp.blogspot.com\/_DSKVEvHtskc\/SPE2UAZ6HzI\/AAAAAAAACv0\/JVq8_jzTVKo\/s1600-h\/miltino+-+poema+do+fim+P.JPG\"><img decoding=\"async\" id=\"BLOGGER_PHOTO_ID_5256041957452029746\" style=\"DISPLAY: block; MARGIN: 0px auto 10px; CURSOR: hand; TEXT-ALIGN: center\" alt=\"\" src=\"http:\/\/2.bp.blogspot.com\/_DSKVEvHtskc\/SPE2UAZ6HzI\/AAAAAAAACv0\/JVq8_jzTVKo\/s400\/miltino+-+poema+do+fim+P.JPG\" border=\"0\" \/><\/a>Boas! Hoje o s\u00e1bado esteve animado durante todo o dia aqui pelos meus lados. Participei de uma feira de discos que muito proveitosa. Troquei, comprei e vendi muitos discos. \u00c9 nessa hora que a gente v\u00ea quanta coisa a industria fonogr\u00e1fica j\u00e1 produziu e por conseq\u00fc\u00eancia disso mesmo, outras tantas que j\u00e1 foram esquecidas. Que bom que estamos aqui para lembrar&#8230;<br \/>Vamos lembrar de Miltinho em seu \u00faltimo lp pela RGE, &#8220;Poema do fim&#8221; (t\u00edtulo bem sugestivo), lan\u00e7ado em 1965. Este \u00e9 outro disco dele que a gente n\u00e3o v\u00ea mais por a\u00ed. O \u00e1lbum chegou a ser relan\u00e7ado em 69, pela RGE Fermata, com o selo Premiere, mas depois disso nunca mais. Vale a pena conferir, pois existem m\u00fasicas que se n\u00e3o for por aqui, nunca mais ser\u00e3o ouvidas.<\/p>\n<div align=\"center\">poema do fim<\/div>\n<div align=\"center\">can\u00e7\u00e3o ao meu amor dormindo<\/div>\n<div align=\"center\">indiferen\u00e7a<\/div>\n<div align=\"center\">sorrisos<\/div>\n<div align=\"center\">can\u00e7\u00e3o da paz<\/div>\n<div align=\"center\">coitadinho de mim<\/div>\n<div align=\"center\">mandei uma rosa<\/div>\n<div align=\"center\">venha devagar<\/div>\n<div align=\"center\">pingos nos ii<\/div>\n<div align=\"center\">eu n\u00e3o sabia<\/div>\n<div align=\"center\">madrugada fria<\/div>\n<div align=\"center\">johnny n\u00e3o \u00e9 jo\u00e3o<\/div>\n<div align=\"center\"><\/div>\n<div align=\"center\"><\/div>\n<div align=\"center\"> <\/div>\n<div align=\"center\"> <\/div>\n","protected":false},"excerpt":{"rendered":"<p>Boas! Hoje o s\u00e1bado esteve animado durante todo o dia aqui pelos meus lados. Participei de uma feira de discos que muito proveitosa. Troquei, comprei e vendi muitos discos. \u00c9 nessa hora que a gente v\u00ea quanta coisa a industria &hellip; <a href=\"https:\/\/www.toque-musicall.com\/?p=1433\">Continue lendo <span class=\"meta-nav\">&rarr;<\/span><\/a><\/p>\n","protected":false},"author":1,"featured_media":0,"comment_status":"open","ping_status":"closed","sticky":false,"template":"","format":"standard","meta":{"footnotes":""},"categories":[554],"tags":[],"class_list":["post-1433","post","type-post","status-publish","format-standard","hentry","category-miltinho"],"_links":{"self":[{"href":"https:\/\/www.toque-musicall.com\/index.php?rest_route=\/wp\/v2\/posts\/1433","targetHints":{"allow":["GET"]}}],"collection":[{"href":"https:\/\/www.toque-musicall.com\/index.php?rest_route=\/wp\/v2\/posts"}],"about":[{"href":"https:\/\/www.toque-musicall.com\/index.php?rest_route=\/wp\/v2\/types\/post"}],"author":[{"embeddable":true,"href":"https:\/\/www.toque-musicall.com\/index.php?rest_route=\/wp\/v2\/users\/1"}],"replies":[{"embeddable":true,"href":"https:\/\/www.toque-musicall.com\/index.php?rest_route=%2Fwp%2Fv2%2Fcomments&post=1433"}],"version-history":[{"count":0,"href":"https:\/\/www.toque-musicall.com\/index.php?rest_route=\/wp\/v2\/posts\/1433\/revisions"}],"wp:attachment":[{"href":"https:\/\/www.toque-musicall.com\/index.php?rest_route=%2Fwp%2Fv2%2Fmedia&parent=1433"}],"wp:term":[{"taxonomy":"category","embeddable":true,"href":"https:\/\/www.toque-musicall.com\/index.php?rest_route=%2Fwp%2Fv2%2Fcategories&post=1433"},{"taxonomy":"post_tag","embeddable":true,"href":"https:\/\/www.toque-musicall.com\/index.php?rest_route=%2Fwp%2Fv2%2Ftags&post=1433"}],"curies":[{"name":"wp","href":"https:\/\/api.w.org\/{rel}","templated":true}]}}