{"id":1436,"date":"2008-10-08T10:28:00","date_gmt":"2008-10-08T10:28:00","guid":{"rendered":"http:\/\/www.toque-musicall.com\/?p=1436"},"modified":"2008-10-08T10:28:00","modified_gmt":"2008-10-08T10:28:00","slug":"as-maos-de-euridice-1956","status":"publish","type":"post","link":"https:\/\/www.toque-musicall.com\/?p=1436","title":{"rendered":"As M\u00e3os De Euridice (1956)"},"content":{"rendered":"<div align=\"left\"><a href=\"http:\/\/2.bp.blogspot.com\/_DSKVEvHtskc\/SOyQ5LNLuPI\/AAAAAAAACBo\/vntIhizWwdg\/s1600-h\/as+m%C3%83%C2%A3os+P.JPG\"><img decoding=\"async\" id=\"BLOGGER_PHOTO_ID_5254734177169553650\" style=\"DISPLAY: block; MARGIN: 0px auto 10px; CURSOR: hand; TEXT-ALIGN: center\" alt=\"\" src=\"http:\/\/2.bp.blogspot.com\/_DSKVEvHtskc\/SOyQ5LNLuPI\/AAAAAAAACBo\/vntIhizWwdg\/s400\/as+m%C3%A3os+P.JPG\" border=\"0\" \/><\/a>Ol\u00e1! Como eu havia dito, nesta semana estarei alternando entre cantores da velha guarda e musicais e trilhas. Hoje apresentarei algo diferente, um mon\u00f3logo, algo bem pr\u00f3ximo da poesia, que tamb\u00e9m j\u00e1 se tornou presen\u00e7a desejada em nosso blog.<br \/>Uma das obras teatrais brasileiras mais consagrada em todo o mundo, &#8220;As m\u00e3os de Eur\u00eddice&#8221;, escrita por Pedro Bloch, foi em 1956 registrada em disco, um \u00e1lbum duplo de 10&#8242;, para o selo Festa de Irineu Garcia. Acho que o Festa era um dos poucos que se dedicava a esses tipos de discos de poesia, teatro e literatura em geral. Um trabalho louv\u00e1vel, principalmente por obras como esta.<br \/>Temos aqui, o grande Rodolfo Mayer, que foi o primeiro ator a interpretar este mon\u00f3logo, seu grande representante. Perfeito! Apesar dos in\u00fameros chiados, vale a pena ouvir esse drama, onde um ator e seu personagem nos constr\u00f3i lentamente a est\u00f3ria. O \u00e1lbum duplo, dividido em quatro faces foi aqui unido em uma s\u00f3 seq\u00fc\u00eancia. Eu, infelizmente, n\u00e3o tenho tempo para tratar o som, assim deixo na \u00edntegra para aqueles que quiserem se aventurar. Meus cuidados ficam apenas na limpeza dos discos e sua &#8216;ripagem&#8217;. Pessoalmente, acho que est\u00e1 razo\u00e1vel \ud83d\ude09<\/div>\n<div align=\"left\"><\/div>\n<div align=\"left\"><\/div>\n<div align=\"left\"><\/div>\n<div align=\"left\"><\/div>\n","protected":false},"excerpt":{"rendered":"<p>Ol\u00e1! Como eu havia dito, nesta semana estarei alternando entre cantores da velha guarda e musicais e trilhas. Hoje apresentarei algo diferente, um mon\u00f3logo, algo bem pr\u00f3ximo da poesia, que tamb\u00e9m j\u00e1 se tornou presen\u00e7a desejada em nosso blog.Uma das &hellip; <a href=\"https:\/\/www.toque-musicall.com\/?p=1436\">Continue lendo <span class=\"meta-nav\">&rarr;<\/span><\/a><\/p>\n","protected":false},"author":1,"featured_media":0,"comment_status":"open","ping_status":"closed","sticky":false,"template":"","format":"standard","meta":{"footnotes":""},"categories":[1627,658],"tags":[],"class_list":["post-1436","post","type-post","status-publish","format-standard","hentry","category-as-maos-de-euridice","category-extras"],"_links":{"self":[{"href":"https:\/\/www.toque-musicall.com\/index.php?rest_route=\/wp\/v2\/posts\/1436","targetHints":{"allow":["GET"]}}],"collection":[{"href":"https:\/\/www.toque-musicall.com\/index.php?rest_route=\/wp\/v2\/posts"}],"about":[{"href":"https:\/\/www.toque-musicall.com\/index.php?rest_route=\/wp\/v2\/types\/post"}],"author":[{"embeddable":true,"href":"https:\/\/www.toque-musicall.com\/index.php?rest_route=\/wp\/v2\/users\/1"}],"replies":[{"embeddable":true,"href":"https:\/\/www.toque-musicall.com\/index.php?rest_route=%2Fwp%2Fv2%2Fcomments&post=1436"}],"version-history":[{"count":0,"href":"https:\/\/www.toque-musicall.com\/index.php?rest_route=\/wp\/v2\/posts\/1436\/revisions"}],"wp:attachment":[{"href":"https:\/\/www.toque-musicall.com\/index.php?rest_route=%2Fwp%2Fv2%2Fmedia&parent=1436"}],"wp:term":[{"taxonomy":"category","embeddable":true,"href":"https:\/\/www.toque-musicall.com\/index.php?rest_route=%2Fwp%2Fv2%2Fcategories&post=1436"},{"taxonomy":"post_tag","embeddable":true,"href":"https:\/\/www.toque-musicall.com\/index.php?rest_route=%2Fwp%2Fv2%2Ftags&post=1436"}],"curies":[{"name":"wp","href":"https:\/\/api.w.org\/{rel}","templated":true}]}}