{"id":1437,"date":"2008-10-08T00:07:00","date_gmt":"2008-10-08T00:07:00","guid":{"rendered":"http:\/\/www.toque-musicall.com\/?p=1437"},"modified":"2008-10-08T00:07:00","modified_gmt":"2008-10-08T00:07:00","slug":"adelino-moreira-o-cantor-o-compositor-1970","status":"publish","type":"post","link":"https:\/\/www.toque-musicall.com\/?p=1437","title":{"rendered":"Adelino Moreira &#8211; O Cantor, O Compositor (1970)"},"content":{"rendered":"<div align=\"left\"><a href=\"http:\/\/1.bp.blogspot.com\/_DSKVEvHtskc\/SOwbopRYrTI\/AAAAAAAACBg\/8k1rYrAjvHk\/s1600-h\/adelino+moreira.JPG\"><img decoding=\"async\" style=\"TEXT-ALIGN: center; MARGIN: 0px auto 10px; DISPLAY: block; CURSOR: hand\" id=\"BLOGGER_PHOTO_ID_5254605250322017586\" border=\"0\" alt=\"\" src=\"http:\/\/1.bp.blogspot.com\/_DSKVEvHtskc\/SOwbopRYrTI\/AAAAAAAACBg\/8k1rYrAjvHk\/s400\/adelino+moreira.JPG\" \/><\/a>Desculpem-me, mas hoje eu estou meio corrido&#8230; Vamos direto, sem rodeios&#8230;<br \/>Tenho aqui este lp de Adelino Moreira, cantor e compositor consagrado, principalmente na voz de seu grande parceiro e interprete, Nelson Gon\u00e7alves. Realmente, Adelino \u00e9 mais lembrado como o compositor, apesar de ter iniciado a carreira art\u00edstica como cantor. Neste disco, temos a rara oportunidade de ouvi-lo interpretando algumas de suas composi\u00e7\u00f5es. Imperd\u00edvel&#8230; <\/div>\n<div align=\"left\"> <\/div>\n<div align=\"center\">beija-me, quero dormir<\/div>\n<div align=\"center\">calend\u00e1rio<\/div>\n<div align=\"center\">menino pobre<\/div>\n<div align=\"center\">mocidade louca<\/div>\n<div align=\"center\">copo quebrado<\/div>\n<div align=\"center\">quem nos viu, quem n\u00f3s v\u00ea<\/div>\n<div align=\"center\">dinastia<\/div>\n<div align=\"center\">cantor e viol\u00e3o<\/div>\n<div align=\"center\">miss\u00e3o cumprida<\/div>\n<div align=\"center\">estaca zero<\/div>\n<div align=\"center\">prova de amor<\/div>\n<div align=\"center\">sou poeta<\/div>\n<div align=\"center\"><\/div>\n<div align=\"center\"><\/div>\n<div align=\"center\"><\/div>\n","protected":false},"excerpt":{"rendered":"<p>Desculpem-me, mas hoje eu estou meio corrido&#8230; Vamos direto, sem rodeios&#8230;Tenho aqui este lp de Adelino Moreira, cantor e compositor consagrado, principalmente na voz de seu grande parceiro e interprete, Nelson Gon\u00e7alves. Realmente, Adelino \u00e9 mais lembrado como o compositor, &hellip; <a href=\"https:\/\/www.toque-musicall.com\/?p=1437\">Continue lendo <span class=\"meta-nav\">&rarr;<\/span><\/a><\/p>\n","protected":false},"author":1,"featured_media":0,"comment_status":"open","ping_status":"closed","sticky":false,"template":"","format":"standard","meta":{"footnotes":""},"categories":[68],"tags":[],"class_list":["post-1437","post","type-post","status-publish","format-standard","hentry","category-adelino-moreira"],"_links":{"self":[{"href":"https:\/\/www.toque-musicall.com\/index.php?rest_route=\/wp\/v2\/posts\/1437","targetHints":{"allow":["GET"]}}],"collection":[{"href":"https:\/\/www.toque-musicall.com\/index.php?rest_route=\/wp\/v2\/posts"}],"about":[{"href":"https:\/\/www.toque-musicall.com\/index.php?rest_route=\/wp\/v2\/types\/post"}],"author":[{"embeddable":true,"href":"https:\/\/www.toque-musicall.com\/index.php?rest_route=\/wp\/v2\/users\/1"}],"replies":[{"embeddable":true,"href":"https:\/\/www.toque-musicall.com\/index.php?rest_route=%2Fwp%2Fv2%2Fcomments&post=1437"}],"version-history":[{"count":0,"href":"https:\/\/www.toque-musicall.com\/index.php?rest_route=\/wp\/v2\/posts\/1437\/revisions"}],"wp:attachment":[{"href":"https:\/\/www.toque-musicall.com\/index.php?rest_route=%2Fwp%2Fv2%2Fmedia&parent=1437"}],"wp:term":[{"taxonomy":"category","embeddable":true,"href":"https:\/\/www.toque-musicall.com\/index.php?rest_route=%2Fwp%2Fv2%2Fcategories&post=1437"},{"taxonomy":"post_tag","embeddable":true,"href":"https:\/\/www.toque-musicall.com\/index.php?rest_route=%2Fwp%2Fv2%2Ftags&post=1437"}],"curies":[{"name":"wp","href":"https:\/\/api.w.org\/{rel}","templated":true}]}}