{"id":1438,"date":"2008-10-06T11:54:00","date_gmt":"2008-10-06T11:54:00","guid":{"rendered":"http:\/\/www.toque-musicall.com\/?p=1438"},"modified":"2008-10-06T11:54:00","modified_gmt":"2008-10-06T11:54:00","slug":"orfeu-da-conceicao-tom-jobim-e-vinicius-de-moraes-1956","status":"publish","type":"post","link":"https:\/\/www.toque-musicall.com\/?p=1438","title":{"rendered":"Orfeu Da Concei\u00e7\u00e3o &#8211; Tom Jobim E Vinicius De Moraes (1956)"},"content":{"rendered":"<p><a href=\"http:\/\/1.bp.blogspot.com\/_DSKVEvHtskc\/SOn9C0f269I\/AAAAAAAACBY\/JVd3vYxCU_g\/s1600-h\/orfeu+da+concei%C3%83%C2%A7%C3%83%C2%A3o+f.JPG\"><img decoding=\"async\" id=\"BLOGGER_PHOTO_ID_5254008665198226386\" style=\"DISPLAY: block; MARGIN: 0px auto 10px; CURSOR: hand; TEXT-ALIGN: center\" alt=\"\" src=\"http:\/\/1.bp.blogspot.com\/_DSKVEvHtskc\/SOn9C0f269I\/AAAAAAAACBY\/JVd3vYxCU_g\/s400\/orfeu+da+concei%C3%A7%C3%A3o+f.JPG\" border=\"0\" \/><\/a> Bom dia, boa tarde, boa noite&#8230; Come\u00e7ando a \u2018segundona\u2019 bem animado, l\u00e1 vou eu preparando as postagens da semana. Como os cantores da velha guarda sempre fazem muito sucesso por aqui, vou continuar resgatando mais alguns. Por\u00e9m, para que eu tamb\u00e9m n\u00e3o me canse de bater nas mesmas teclas, vou alternar as postagens, mesclando entre os \u2018gog\u00f3s de ouro\u2019 alguns musicais e trilhas que gentilmente me foram cedidos pelo autor do blog Trilha Sonora Original. Como ele anda sem tempo para postar suas trilhas, me enviou algumas aqui para a nossa salada mista.<br \/>Come\u00e7o ent\u00e3o com \u201cOrfeu da Concei\u00e7\u00e3o\u201d, pe\u00e7a escrita originalmente em 1942 por Vin\u00edcius de Moraes e musicada em parceria por Tom Jobim para a montagem de estr\u00e9ia em 1956. Este foi o primeiro trabalho de parceria entre os dois. N\u00e3o vou entrar em detalhes, deixo que voc\u00eas os descubram no texto de contracapa, escrito pelo pr\u00f3prio Vin\u00edcius.<br \/>O disco, lan\u00e7ado tamb\u00e9m em 56, nos traz a Orquestra Odeon, composta por 35 m\u00fasicos, regidos por Tom Jobim, o excepcional violonista Luiz Bonf\u00e1 e o cantor Roberto Paiva. Para completar, temos Vin\u00edcius declamando o mon\u00f3logo de Orfeu. Ilustrando tudo isso, temos ainda a bel\u00edssima capa, trabalho de autoria do artista pl\u00e1stico, o pintor Raimundo Nogueira. Sem d\u00favida, um disquinho maravilhoso. Confiram direito esse toque!<\/p>\n<div align=\"center\">ouverture<\/div>\n<div align=\"center\">mon\u00f3logo de orfeu<\/div>\n<div align=\"center\">um nome de mulher<\/div>\n<div align=\"center\">se todos fossem iguais a voc\u00ea<\/div>\n<div align=\"center\">mulher, sempre mulher<\/div>\n<div align=\"center\">eu e o meu amor<\/div>\n<div align=\"center\">lamento no morro<\/div>\n<div align=\"center\"><\/div>\n<div align=\"center\"><\/div>\n","protected":false},"excerpt":{"rendered":"<p>Bom dia, boa tarde, boa noite&#8230; Come\u00e7ando a \u2018segundona\u2019 bem animado, l\u00e1 vou eu preparando as postagens da semana. Como os cantores da velha guarda sempre fazem muito sucesso por aqui, vou continuar resgatando mais alguns. Por\u00e9m, para que eu &hellip; <a href=\"https:\/\/www.toque-musicall.com\/?p=1438\">Continue lendo <span class=\"meta-nav\">&rarr;<\/span><\/a><\/p>\n","protected":false},"author":1,"featured_media":0,"comment_status":"open","ping_status":"closed","sticky":false,"template":"","format":"standard","meta":{"footnotes":""},"categories":[135,1628,1119],"tags":[],"class_list":["post-1438","post","type-post","status-publish","format-standard","hentry","category-antonio-carlos-jobim","category-orfeu-da-conceicao","category-vinicius-de-moraes"],"_links":{"self":[{"href":"https:\/\/www.toque-musicall.com\/index.php?rest_route=\/wp\/v2\/posts\/1438","targetHints":{"allow":["GET"]}}],"collection":[{"href":"https:\/\/www.toque-musicall.com\/index.php?rest_route=\/wp\/v2\/posts"}],"about":[{"href":"https:\/\/www.toque-musicall.com\/index.php?rest_route=\/wp\/v2\/types\/post"}],"author":[{"embeddable":true,"href":"https:\/\/www.toque-musicall.com\/index.php?rest_route=\/wp\/v2\/users\/1"}],"replies":[{"embeddable":true,"href":"https:\/\/www.toque-musicall.com\/index.php?rest_route=%2Fwp%2Fv2%2Fcomments&post=1438"}],"version-history":[{"count":0,"href":"https:\/\/www.toque-musicall.com\/index.php?rest_route=\/wp\/v2\/posts\/1438\/revisions"}],"wp:attachment":[{"href":"https:\/\/www.toque-musicall.com\/index.php?rest_route=%2Fwp%2Fv2%2Fmedia&parent=1438"}],"wp:term":[{"taxonomy":"category","embeddable":true,"href":"https:\/\/www.toque-musicall.com\/index.php?rest_route=%2Fwp%2Fv2%2Fcategories&post=1438"},{"taxonomy":"post_tag","embeddable":true,"href":"https:\/\/www.toque-musicall.com\/index.php?rest_route=%2Fwp%2Fv2%2Ftags&post=1438"}],"curies":[{"name":"wp","href":"https:\/\/api.w.org\/{rel}","templated":true}]}}