{"id":1442,"date":"2008-10-03T13:50:00","date_gmt":"2008-10-03T13:50:00","guid":{"rendered":"http:\/\/www.toque-musicall.com\/?p=1442"},"modified":"2008-10-03T13:50:00","modified_gmt":"2008-10-03T13:50:00","slug":"david-de-castro-a-voz-de-ouro-abc-1961","status":"publish","type":"post","link":"https:\/\/www.toque-musicall.com\/?p=1442","title":{"rendered":"David De Castro &#8211; A Voz De Ouro ABC (1961)"},"content":{"rendered":"<div align=\"left\"><a href=\"http:\/\/2.bp.blogspot.com\/_DSKVEvHtskc\/SOYpQ28i5yI\/AAAAAAAACA4\/NPlhDooJG60\/s1600-h\/david+de+castro+P.JPG\"><img decoding=\"async\" id=\"BLOGGER_PHOTO_ID_5252931384978368290\" style=\"DISPLAY: block; MARGIN: 0px auto 10px; CURSOR: hand; TEXT-ALIGN: center\" alt=\"\" src=\"http:\/\/2.bp.blogspot.com\/_DSKVEvHtskc\/SOYpQ28i5yI\/AAAAAAAACA4\/NPlhDooJG60\/s400\/david+de+castro+P.JPG\" border=\"0\" \/><\/a> Ol\u00e1 a todos! Hoje temos mais um esquecido que veio tamb\u00e9m do fundo do ba\u00fa. Eu n\u00e3o posso \u00e9 come\u00e7ar&#8230; Apresento a voc\u00eas, David de Castro, um cantor que fez sucesso e se destacou gravando apenas um lp. Na verdade, David de Castro foi o grande vencedor do concurso &#8220;Voz de Ouro ABC&#8221;, programa muito popular e lider de audi\u00eancia da TV Record de S\u00e3o Paulo, interpretando a can\u00e7\u00e3o &#8220;Pierrot&#8221; de Joubert de Carvalho e Paschoal Carlos Magno. Este pr\u00eamio rendeu a ele um contrato com a RGE, onde teve a oportunidade de gravar, entre 1961 e 62, quatro bolachas de 78 rpm e este lp. Depois disso ele sumiu no mapa. Procurei informa\u00e7\u00f5es sobre seu paradeiro, mas n\u00e3o ficou rastro al\u00e9m de uma pequena cita\u00e7\u00e3o no Dicion\u00e1rio Cravo Albim. Vale a pena conferir este trabalho, pois al\u00e9m de um bom repert\u00f3rio e uma voz privilegiada, os acompanhamentos e arranjos s\u00e3o dos maestros Erlon Chaves e Pocho. Muito bom!<\/p>\n<div align=\"center\">pierrot<\/div>\n<div align=\"center\">come\u00e7o do fim<\/div>\n<div align=\"center\">um suspiro<\/div>\n<div align=\"center\">mundo afora<\/div>\n<div align=\"center\">algu\u00e9m \u00e9 b\u00f4bo de algu\u00e9m<\/div>\n<div align=\"center\">eu e o rio <\/div>\n<div align=\"center\">o matador~<\/div>\n<div align=\"center\">ternura antiga<\/div>\n<div align=\"center\">lua indiferente<\/div>\n<div align=\"center\">sonho bom<\/div>\n<div align=\"center\">encontro marcado <\/div>\n<div align=\"center\">maria helena<\/div>\n<div align=\"center\"><\/div>\n<div align=\"center\"> <\/div>\n<div align=\"center\"> <\/div>\n<\/div>\n","protected":false},"excerpt":{"rendered":"<p>Ol\u00e1 a todos! Hoje temos mais um esquecido que veio tamb\u00e9m do fundo do ba\u00fa. Eu n\u00e3o posso \u00e9 come\u00e7ar&#8230; Apresento a voc\u00eas, David de Castro, um cantor que fez sucesso e se destacou gravando apenas um lp. Na verdade, &hellip; <a href=\"https:\/\/www.toque-musicall.com\/?p=1442\">Continue lendo <span class=\"meta-nav\">&rarr;<\/span><\/a><\/p>\n","protected":false},"author":1,"featured_media":0,"comment_status":"open","ping_status":"closed","sticky":false,"template":"","format":"standard","meta":{"footnotes":""},"categories":[1632],"tags":[],"class_list":["post-1442","post","type-post","status-publish","format-standard","hentry","category-david-de-castro"],"_links":{"self":[{"href":"https:\/\/www.toque-musicall.com\/index.php?rest_route=\/wp\/v2\/posts\/1442","targetHints":{"allow":["GET"]}}],"collection":[{"href":"https:\/\/www.toque-musicall.com\/index.php?rest_route=\/wp\/v2\/posts"}],"about":[{"href":"https:\/\/www.toque-musicall.com\/index.php?rest_route=\/wp\/v2\/types\/post"}],"author":[{"embeddable":true,"href":"https:\/\/www.toque-musicall.com\/index.php?rest_route=\/wp\/v2\/users\/1"}],"replies":[{"embeddable":true,"href":"https:\/\/www.toque-musicall.com\/index.php?rest_route=%2Fwp%2Fv2%2Fcomments&post=1442"}],"version-history":[{"count":0,"href":"https:\/\/www.toque-musicall.com\/index.php?rest_route=\/wp\/v2\/posts\/1442\/revisions"}],"wp:attachment":[{"href":"https:\/\/www.toque-musicall.com\/index.php?rest_route=%2Fwp%2Fv2%2Fmedia&parent=1442"}],"wp:term":[{"taxonomy":"category","embeddable":true,"href":"https:\/\/www.toque-musicall.com\/index.php?rest_route=%2Fwp%2Fv2%2Fcategories&post=1442"},{"taxonomy":"post_tag","embeddable":true,"href":"https:\/\/www.toque-musicall.com\/index.php?rest_route=%2Fwp%2Fv2%2Ftags&post=1442"}],"curies":[{"name":"wp","href":"https:\/\/api.w.org\/{rel}","templated":true}]}}