{"id":1443,"date":"2008-10-02T14:30:00","date_gmt":"2008-10-02T14:30:00","guid":{"rendered":"http:\/\/www.toque-musicall.com\/?p=1443"},"modified":"2008-10-02T14:30:00","modified_gmt":"2008-10-02T14:30:00","slug":"deo-1972","status":"publish","type":"post","link":"https:\/\/www.toque-musicall.com\/?p=1443","title":{"rendered":"D\u00e9o (1972)"},"content":{"rendered":"<div align=\"left\"><a href=\"http:\/\/1.bp.blogspot.com\/_DSKVEvHtskc\/SOTbTI06e8I\/AAAAAAAACAw\/wllY_NsYr3E\/s1600-h\/D%C3%A9o+P.JPG\"><img decoding=\"async\" id=\"BLOGGER_PHOTO_ID_5252564187254258626\" style=\"DISPLAY: block; MARGIN: 0px auto 10px; CURSOR: hand; TEXT-ALIGN: center\" alt=\"\" src=\"http:\/\/1.bp.blogspot.com\/_DSKVEvHtskc\/SOTbTI06e8I\/AAAAAAAACAw\/wllY_NsYr3E\/s400\/D%C3%A9o+P.JPG\" border=\"0\" \/><\/a> Em busca dos esquecidos, fui l\u00e1 no fundo do ba\u00fa buscar mais um artista da m\u00fasica brasileira, Ferjalla Rizkalla. Filho de libaneses, ficou conhecido como D\u00e9o. Hoje talvez, nem isso&#8230; Iniciou sua carreira nos anos 30, cantando repert\u00f3rios de artistas como Silvio Caldas. Ao longo de sua vida art\u00edstica gravou mais de cem discos, todos bolachas de 78 rota\u00e7\u00f5es. Era conhecido como o &#8220;ditador de sucessos&#8221;, porque interpretava can\u00e7\u00f5es famosas.<\/div>\n<div align=\"left\">Seu \u00fanico lp (que eu saiba) foi este \u00e1lbum p\u00f3stumo, lan\u00e7ado em 1972. Tem tamb\u00e9m sua participa\u00e7\u00e3o em discos da Cole\u00e7\u00e3o Revivendo, que hoje tamb\u00e9m j\u00e1 virou raridade. Este lp re\u00fane alguns de seus maiores \u00eaxitos durante as d\u00e9cadas de 30, 40 e 50. Vale a pena conferir&#8230; \ud83d\ude09<\/div>\n<p><\/p>\n<div align=\"center\">sinfonia do caf\u00e9<\/div>\n<div align=\"center\">fenix<\/div>\n<div align=\"center\">vida de minha vida<\/div>\n<div align=\"center\">pr\u00e1 machucar meu cora\u00e7\u00e3o<\/div>\n<div align=\"center\">os teus olhos falam<\/div>\n<div align=\"center\">nervos de a\u00e7o<\/div>\n<div align=\"center\">n\u00e3o me procure mais<\/div>\n<div align=\"center\">at\u00e9 parece que eu sou da bahia<\/div>\n<div align=\"center\">a morena que eu gosto<\/div>\n<div align=\"center\">se voc\u00ea soubesse<\/div>\n<div align=\"center\"><\/div>\n<div align=\"center\"> <\/div>\n<div align=\"center\"> <\/div>\n","protected":false},"excerpt":{"rendered":"<p>Em busca dos esquecidos, fui l\u00e1 no fundo do ba\u00fa buscar mais um artista da m\u00fasica brasileira, Ferjalla Rizkalla. Filho de libaneses, ficou conhecido como D\u00e9o. Hoje talvez, nem isso&#8230; Iniciou sua carreira nos anos 30, cantando repert\u00f3rios de artistas &hellip; <a href=\"https:\/\/www.toque-musicall.com\/?p=1443\">Continue lendo <span class=\"meta-nav\">&rarr;<\/span><\/a><\/p>\n","protected":false},"author":1,"featured_media":0,"comment_status":"open","ping_status":"closed","sticky":false,"template":"","format":"standard","meta":{"footnotes":""},"categories":[141],"tags":[],"class_list":["post-1443","post","type-post","status-publish","format-standard","hentry","category-deo"],"_links":{"self":[{"href":"https:\/\/www.toque-musicall.com\/index.php?rest_route=\/wp\/v2\/posts\/1443","targetHints":{"allow":["GET"]}}],"collection":[{"href":"https:\/\/www.toque-musicall.com\/index.php?rest_route=\/wp\/v2\/posts"}],"about":[{"href":"https:\/\/www.toque-musicall.com\/index.php?rest_route=\/wp\/v2\/types\/post"}],"author":[{"embeddable":true,"href":"https:\/\/www.toque-musicall.com\/index.php?rest_route=\/wp\/v2\/users\/1"}],"replies":[{"embeddable":true,"href":"https:\/\/www.toque-musicall.com\/index.php?rest_route=%2Fwp%2Fv2%2Fcomments&post=1443"}],"version-history":[{"count":0,"href":"https:\/\/www.toque-musicall.com\/index.php?rest_route=\/wp\/v2\/posts\/1443\/revisions"}],"wp:attachment":[{"href":"https:\/\/www.toque-musicall.com\/index.php?rest_route=%2Fwp%2Fv2%2Fmedia&parent=1443"}],"wp:term":[{"taxonomy":"category","embeddable":true,"href":"https:\/\/www.toque-musicall.com\/index.php?rest_route=%2Fwp%2Fv2%2Fcategories&post=1443"},{"taxonomy":"post_tag","embeddable":true,"href":"https:\/\/www.toque-musicall.com\/index.php?rest_route=%2Fwp%2Fv2%2Ftags&post=1443"}],"curies":[{"name":"wp","href":"https:\/\/api.w.org\/{rel}","templated":true}]}}