{"id":1444,"date":"2008-10-01T22:15:00","date_gmt":"2008-10-01T22:15:00","guid":{"rendered":"http:\/\/www.toque-musicall.com\/?p=1444"},"modified":"2008-10-01T22:15:00","modified_gmt":"2008-10-01T22:15:00","slug":"silvio-caldas-historias-da-musica-popular-brasileira-ao-vivo-1973","status":"publish","type":"post","link":"https:\/\/www.toque-musicall.com\/?p=1444","title":{"rendered":"Silvio Caldas &#8211; Hist\u00f3rias Da M\u00fasica Popular Brasileira &#8211; Ao Vivo (1973)"},"content":{"rendered":"<div align=\"left\"><img decoding=\"async\" id=\"BLOGGER_PHOTO_ID_5252313891485249986\" style=\"DISPLAY: block; MARGIN: 0px auto 10px; CURSOR: hand; TEXT-ALIGN: center\" alt=\"\" src=\"http:\/\/1.bp.blogspot.com\/_DSKVEvHtskc\/SOP3qAbT8cI\/AAAAAAAACAY\/GMP08IlAQlE\/s400\/silvioP.JPG\" border=\"0\" \/><a href=\"http:\/\/2.bp.blogspot.com\/_DSKVEvHtskc\/SOQMSRAeOaI\/AAAAAAAACAg\/errrz970mU8\/s1600-h\/silvio+int1P.JPG\"><img decoding=\"async\" id=\"BLOGGER_PHOTO_ID_5252336573363403170\" style=\"DISPLAY: block; MARGIN: 0px auto 10px; CURSOR: hand; TEXT-ALIGN: center\" alt=\"\" src=\"http:\/\/2.bp.blogspot.com\/_DSKVEvHtskc\/SOQMSRAeOaI\/AAAAAAAACAg\/errrz970mU8\/s400\/silvio+int1P.JPG\" border=\"0\" \/><\/a>Mais uma vez, temos aqui no Toque Musical, o grande Silvio Caldas. Desta vez escolhi um \u00e1lbum raro e especial, que com certeza ir\u00e1 agradar a todos. Um \u00e1lbum duplo onde podemos ouvir o Caboclinho numa verdadeira palestra sobre a m\u00fasica popular brasileira. <\/p>\n<div>A CBS teve a louv\u00e1vel iniciativa de criar e lan\u00e7ar este disco que \u00e9 um verdadeiro registro da hist\u00f3ria da m\u00fasica popular brasileira. A gravadora transformou seu principal est\u00fadio em palco, criando uma apresenta\u00e7\u00e3o especial para um seleto grupo de pessoas, que puderam assistir Silvio cantando e contando hist\u00f3rias e est\u00f3rias. Ele narra epis\u00f3dios e fatos da m\u00fasica brasileira, do norte ao sul do Brasil de uma forma muito carinhosa e descontraida, nos revelando acontecimentos interessantes e curiosos. Acompanhado pelo maravilhoso Regional de Canhoto, seu depoimento fica ainda mais musical. Ouvindo a fala deste grande artista percebemos com certeza que ele foi al\u00e9m de tudo um homem bom. Isso \u00e9 bacana \ud83d\ude42 Salve Silvio Caldas!<\/div>\n<p><img decoding=\"async\" id=\"BLOGGER_PHOTO_ID_5252337506191565874\" style=\"DISPLAY: block; MARGIN: 0px auto 10px; CURSOR: hand; TEXT-ALIGN: center\" alt=\"\" src=\"http:\/\/3.bp.blogspot.com\/_DSKVEvHtskc\/SOQNIkECZDI\/AAAAAAAACAo\/IDY1y4W0EGM\/s400\/silvio+int2P.JPG\" border=\"0\" \/><\/p>\n<div><\/div>\n<p><\/div>\n","protected":false},"excerpt":{"rendered":"<p>Mais uma vez, temos aqui no Toque Musical, o grande Silvio Caldas. Desta vez escolhi um \u00e1lbum raro e especial, que com certeza ir\u00e1 agradar a todos. Um \u00e1lbum duplo onde podemos ouvir o Caboclinho numa verdadeira palestra sobre a &hellip; <a href=\"https:\/\/www.toque-musicall.com\/?p=1444\">Continue lendo <span class=\"meta-nav\">&rarr;<\/span><\/a><\/p>\n","protected":false},"author":1,"featured_media":0,"comment_status":"open","ping_status":"closed","sticky":false,"template":"","format":"standard","meta":{"footnotes":""},"categories":[12],"tags":[],"class_list":["post-1444","post","type-post","status-publish","format-standard","hentry","category-silvio-caldas"],"_links":{"self":[{"href":"https:\/\/www.toque-musicall.com\/index.php?rest_route=\/wp\/v2\/posts\/1444","targetHints":{"allow":["GET"]}}],"collection":[{"href":"https:\/\/www.toque-musicall.com\/index.php?rest_route=\/wp\/v2\/posts"}],"about":[{"href":"https:\/\/www.toque-musicall.com\/index.php?rest_route=\/wp\/v2\/types\/post"}],"author":[{"embeddable":true,"href":"https:\/\/www.toque-musicall.com\/index.php?rest_route=\/wp\/v2\/users\/1"}],"replies":[{"embeddable":true,"href":"https:\/\/www.toque-musicall.com\/index.php?rest_route=%2Fwp%2Fv2%2Fcomments&post=1444"}],"version-history":[{"count":0,"href":"https:\/\/www.toque-musicall.com\/index.php?rest_route=\/wp\/v2\/posts\/1444\/revisions"}],"wp:attachment":[{"href":"https:\/\/www.toque-musicall.com\/index.php?rest_route=%2Fwp%2Fv2%2Fmedia&parent=1444"}],"wp:term":[{"taxonomy":"category","embeddable":true,"href":"https:\/\/www.toque-musicall.com\/index.php?rest_route=%2Fwp%2Fv2%2Fcategories&post=1444"},{"taxonomy":"post_tag","embeddable":true,"href":"https:\/\/www.toque-musicall.com\/index.php?rest_route=%2Fwp%2Fv2%2Ftags&post=1444"}],"curies":[{"name":"wp","href":"https:\/\/api.w.org\/{rel}","templated":true}]}}