{"id":1451,"date":"2008-09-24T16:47:00","date_gmt":"2008-09-24T16:47:00","guid":{"rendered":"http:\/\/www.toque-musicall.com\/?p=1451"},"modified":"2008-09-24T16:47:00","modified_gmt":"2008-09-24T16:47:00","slug":"jorge-mello-integral-1977","status":"publish","type":"post","link":"https:\/\/www.toque-musicall.com\/?p=1451","title":{"rendered":"Jorge Mello &#8211; Integral (1977)"},"content":{"rendered":"<div align=\"left\"><a href=\"http:\/\/1.bp.blogspot.com\/_DSKVEvHtskc\/SNpv0_CNBBI\/AAAAAAAAB-s\/QkRLUmshaX8\/s1600-h\/JOrge+Melllo+-+Integral+F.JPG\"><img decoding=\"async\" id=\"BLOGGER_PHOTO_ID_5249631271718290450\" style=\"DISPLAY: block; MARGIN: 0px auto 10px; CURSOR: hand; TEXT-ALIGN: center\" alt=\"\" src=\"http:\/\/1.bp.blogspot.com\/_DSKVEvHtskc\/SNpv0_CNBBI\/AAAAAAAAB-s\/QkRLUmshaX8\/s400\/JOrge+Melllo+-+Integral+F.JPG\" border=\"0\" \/><\/a> Interessante&#8230; sempre achei que o Jorge Mello fosse baiano. Na verdade, pouco conhecia deste artista, al\u00e9m deste \u00e1lbum e alguma outra can\u00e7\u00e3o. Agora estou tendo a oportunidade de ouv\u00ed-lo melhor e descobrir um pouco da sua hist\u00f3ria. Coincidentemente, como Clodo, Clim\u00e9rio e Cl\u00e9sio, Jorge tamb\u00e9m veio do Piau\u00ed. Come\u00e7ou sua carreira ainda crian\u00e7a, participou e ganhou diversos festivais de m\u00fasica e foi um dos artistas do chamado &#8220;movimento cearense de m\u00fasica&#8221;<\/div>\n<div align=\"left\">no in\u00edcio dos anos 70 juntamente com v\u00e1rios outros artistas nordestinos como Fagner, Belchior, Ednardo, entre outros.<\/div>\n<div align=\"left\">&#8220;Integral&#8221; foi seu segundo \u00e1lbum, lan\u00e7ado pela Warner, depois de ter se destacado no primeiro trabalho de 1976. Numa grande gravadora ele pode ent\u00e3o nos apresentar um \u00e1lbum super bem produzido, surpreendendo a cr\u00edtica novamente, ganhando v\u00e1rios pr\u00eamios.<\/div>\n<p><\/p>\n<div align=\"center\">moda nova<\/div>\n<div align=\"center\">marinheiro<\/div>\n<div align=\"center\">sassaru\u00ea<\/div>\n<div align=\"center\">que de quadrilha<\/div>\n<div align=\"center\">passo da ema<\/div>\n<div align=\"center\">eu falei pra voc\u00ea<\/div>\n<div align=\"center\">\u00e1gua barrenta<\/div>\n<div align=\"center\">canto bonito<\/div>\n<div align=\"center\">trancelin<\/div>\n<div align=\"center\">hora, tempo e lugar<\/div>\n<div align=\"center\">embolada<\/div>\n<div align=\"center\"><\/div>\n<div align=\"center\"><\/div>\n<div align=\"center\"> <\/div>\n<div align=\"center\"> <\/div>\n","protected":false},"excerpt":{"rendered":"<p>Interessante&#8230; sempre achei que o Jorge Mello fosse baiano. Na verdade, pouco conhecia deste artista, al\u00e9m deste \u00e1lbum e alguma outra can\u00e7\u00e3o. Agora estou tendo a oportunidade de ouv\u00ed-lo melhor e descobrir um pouco da sua hist\u00f3ria. Coincidentemente, como Clodo, &hellip; <a href=\"https:\/\/www.toque-musicall.com\/?p=1451\">Continue lendo <span class=\"meta-nav\">&rarr;<\/span><\/a><\/p>\n","protected":false},"author":1,"featured_media":0,"comment_status":"open","ping_status":"closed","sticky":false,"template":"","format":"standard","meta":{"footnotes":""},"categories":[1635],"tags":[],"class_list":["post-1451","post","type-post","status-publish","format-standard","hentry","category-jorge-mello"],"_links":{"self":[{"href":"https:\/\/www.toque-musicall.com\/index.php?rest_route=\/wp\/v2\/posts\/1451","targetHints":{"allow":["GET"]}}],"collection":[{"href":"https:\/\/www.toque-musicall.com\/index.php?rest_route=\/wp\/v2\/posts"}],"about":[{"href":"https:\/\/www.toque-musicall.com\/index.php?rest_route=\/wp\/v2\/types\/post"}],"author":[{"embeddable":true,"href":"https:\/\/www.toque-musicall.com\/index.php?rest_route=\/wp\/v2\/users\/1"}],"replies":[{"embeddable":true,"href":"https:\/\/www.toque-musicall.com\/index.php?rest_route=%2Fwp%2Fv2%2Fcomments&post=1451"}],"version-history":[{"count":0,"href":"https:\/\/www.toque-musicall.com\/index.php?rest_route=\/wp\/v2\/posts\/1451\/revisions"}],"wp:attachment":[{"href":"https:\/\/www.toque-musicall.com\/index.php?rest_route=%2Fwp%2Fv2%2Fmedia&parent=1451"}],"wp:term":[{"taxonomy":"category","embeddable":true,"href":"https:\/\/www.toque-musicall.com\/index.php?rest_route=%2Fwp%2Fv2%2Fcategories&post=1451"},{"taxonomy":"post_tag","embeddable":true,"href":"https:\/\/www.toque-musicall.com\/index.php?rest_route=%2Fwp%2Fv2%2Ftags&post=1451"}],"curies":[{"name":"wp","href":"https:\/\/api.w.org\/{rel}","templated":true}]}}