{"id":1452,"date":"2008-09-24T01:21:00","date_gmt":"2008-09-24T01:21:00","guid":{"rendered":"http:\/\/www.toque-musicall.com\/?p=1452"},"modified":"2008-09-24T01:21:00","modified_gmt":"2008-09-24T01:21:00","slug":"clodo-climerio-clesio-sao-piaui-1977","status":"publish","type":"post","link":"https:\/\/www.toque-musicall.com\/?p=1452","title":{"rendered":"Clodo Clim\u00e9rio &#038; Cl\u00e9sio &#8211; S\u00e3o Piau\u00ed (1977)"},"content":{"rendered":"<div align=\"left\"><a href=\"http:\/\/3.bp.blogspot.com\/_DSKVEvHtskc\/SNmW5yXEkcI\/AAAAAAAAB-k\/s98VJc-O3O8\/s1600-h\/CCC+P.JPG\"><img decoding=\"async\" id=\"BLOGGER_PHOTO_ID_5249392760192274882\" style=\"DISPLAY: block; MARGIN: 0px auto 10px; CURSOR: hand; TEXT-ALIGN: center\" alt=\"\" src=\"http:\/\/3.bp.blogspot.com\/_DSKVEvHtskc\/SNmW5yXEkcI\/AAAAAAAAB-k\/s98VJc-O3O8\/s400\/CCC+P.JPG\" border=\"0\" \/><\/a> Eis que finalmente chegou minha vez de postar um disco dos irm\u00e3os Clodo, Clim\u00e9rio e Cl\u00e9sio. Este trio de compositores ficou mais conhecido nas vozes de artistas como Fagner, Dominguinhos, Tim Maia, Nara Le\u00e3o, Amelinha e outros . Foi a convite de outro interprete de suas composi\u00e7\u00f5es, o cantor e compoistor Ednardo, que os tr\u00eas gravaram em 1977 &#8220;S\u00e3o Piau\u00ed&#8221;, o primeiro disco. Este \u00e1lbum abriu as portas para eles, fazendo-os conhecidos nacionalmente. Can\u00e7\u00f5es como &#8220;Cebola cortada&#8221; e &#8220;Conflito&#8221;, tornaram-se grandes sucessos e est\u00e3o presentes neste lp. Confira no Toque Musical, pois aqui \u00e9 cabelo e barba \ud83d\ude09<\/div>\n<p><\/p>\n<div align=\"center\">a noite, amanh\u00e3, o dia<\/div>\n<div align=\"center\">cebola cortada<\/div>\n<div align=\"center\">cantiga<\/div>\n<div align=\"center\">conflito<\/div>\n<div align=\"center\">folia ou pressa<\/div>\n<div align=\"center\">ilha azul<\/div>\n<div align=\"center\">zero grau<\/div>\n<div align=\"center\">palha de arroz<\/div>\n<div align=\"center\">cada gesto<\/div>\n<div align=\"center\">c\u00e9u da boca<\/div>\n<div align=\"center\">nudez<\/div>\n<div align=\"center\">s\u00e3o piau\u00ed<\/div>\n<div align=\"center\"><\/div>\n<div align=\"center\"><\/div>\n<div align=\"center\"> <\/div>\n<div align=\"center\"> <\/div>\n","protected":false},"excerpt":{"rendered":"<p>Eis que finalmente chegou minha vez de postar um disco dos irm\u00e3os Clodo, Clim\u00e9rio e Cl\u00e9sio. Este trio de compositores ficou mais conhecido nas vozes de artistas como Fagner, Dominguinhos, Tim Maia, Nara Le\u00e3o, Amelinha e outros . Foi a &hellip; <a href=\"https:\/\/www.toque-musicall.com\/?p=1452\">Continue lendo <span class=\"meta-nav\">&rarr;<\/span><\/a><\/p>\n","protected":false},"author":1,"featured_media":0,"comment_status":"open","ping_status":"closed","sticky":false,"template":"","format":"standard","meta":{"footnotes":""},"categories":[1589],"tags":[],"class_list":["post-1452","post","type-post","status-publish","format-standard","hentry","category-clodo-climerio-e-clesio"],"_links":{"self":[{"href":"https:\/\/www.toque-musicall.com\/index.php?rest_route=\/wp\/v2\/posts\/1452","targetHints":{"allow":["GET"]}}],"collection":[{"href":"https:\/\/www.toque-musicall.com\/index.php?rest_route=\/wp\/v2\/posts"}],"about":[{"href":"https:\/\/www.toque-musicall.com\/index.php?rest_route=\/wp\/v2\/types\/post"}],"author":[{"embeddable":true,"href":"https:\/\/www.toque-musicall.com\/index.php?rest_route=\/wp\/v2\/users\/1"}],"replies":[{"embeddable":true,"href":"https:\/\/www.toque-musicall.com\/index.php?rest_route=%2Fwp%2Fv2%2Fcomments&post=1452"}],"version-history":[{"count":0,"href":"https:\/\/www.toque-musicall.com\/index.php?rest_route=\/wp\/v2\/posts\/1452\/revisions"}],"wp:attachment":[{"href":"https:\/\/www.toque-musicall.com\/index.php?rest_route=%2Fwp%2Fv2%2Fmedia&parent=1452"}],"wp:term":[{"taxonomy":"category","embeddable":true,"href":"https:\/\/www.toque-musicall.com\/index.php?rest_route=%2Fwp%2Fv2%2Fcategories&post=1452"},{"taxonomy":"post_tag","embeddable":true,"href":"https:\/\/www.toque-musicall.com\/index.php?rest_route=%2Fwp%2Fv2%2Ftags&post=1452"}],"curies":[{"name":"wp","href":"https:\/\/api.w.org\/{rel}","templated":true}]}}