{"id":1454,"date":"2008-09-21T17:15:00","date_gmt":"2008-09-21T17:15:00","guid":{"rendered":"http:\/\/www.toque-musicall.com\/?p=1454"},"modified":"2008-09-21T17:15:00","modified_gmt":"2008-09-21T17:15:00","slug":"tom-dito-reverterio-1976","status":"publish","type":"post","link":"https:\/\/www.toque-musicall.com\/?p=1454","title":{"rendered":"Tom &#038; Dito &#8211; Revert\u00e9rio (1976)"},"content":{"rendered":"<p><a href=\"http:\/\/1.bp.blogspot.com\/_DSKVEvHtskc\/SNaB6fVXLmI\/AAAAAAAAB-U\/OrNpveDB0Ko\/s1600-h\/Tom+e+Dito+-+Reverterio+P.JPG\"><img decoding=\"async\" id=\"BLOGGER_PHOTO_ID_5248525257590386274\" style=\"DISPLAY: block; MARGIN: 0px auto 10px; CURSOR: hand; TEXT-ALIGN: center\" alt=\"\" src=\"http:\/\/1.bp.blogspot.com\/_DSKVEvHtskc\/SNaB6fVXLmI\/AAAAAAAAB-U\/OrNpveDB0Ko\/s400\/Tom+e+Dito+-+Reverterio+P.JPG\" border=\"0\" \/><\/a>Doming\u00e3o chuvoso na cidade, mesmo assim o trabalho corre solto por aqui. Aproveito o intervalo para fazer a postagem do dia. Hoje come\u00e7ando uma nova semana livre. <\/p>\n<div align=\"left\">Mais uma vez temos aqui a dupla baiana Tom e Dito. &#8220;Revert\u00e9rio&#8221; foi o terceiro \u00e1lbum e saiu pela Continental em 1976. O disco mant\u00e9m a mesma linha dos dois primeiros, trazendo sempre algum destaque. Neste temos &#8220;Revert\u00e9rio&#8221;, um samba bem aos moldes de outra dupla baiana, Antonio Carlos e Jocafi. Tem tamb\u00e9m &#8220;Cretina&#8221;, m\u00fasica que fez sucesso na \u00e9poca, um quase samba-rock ou algo assim. Pessoalmente \u00e9 a que mais me agrada neste lp.<\/div>\n<div align=\"left\">Uma curiosidade: o empres\u00e1rio de Tom e Dito era o mesmo de Antonio Carlos e Jocafi. Por isso, qualquer semelhan\u00e7a, pode n\u00e3o ter sido mera coincid\u00eancia.<\/div>\n<p><\/p>\n<div align=\"center\">cretina<\/div>\n<div align=\"center\">bolero<\/div>\n<div align=\"center\">incenso<\/div>\n<div align=\"center\">vinte meninas<\/div>\n<div align=\"center\">hortel\u00e3<\/div>\n<div align=\"center\">meus camaradas<\/div>\n<div align=\"center\">revert\u00e9rio<\/div>\n<div align=\"center\">mo\u00e7a bonita<\/div>\n<div align=\"center\">catibiriba<\/div>\n<div align=\"center\">procura-se vivo ou morto<\/div>\n<div align=\"center\">\u00e1gua viva<\/div>\n<div align=\"center\">div\u00e3<\/div>\n<div align=\"center\"><\/div>\n<div align=\"center\"><\/div>\n<div align=\"center\"><\/div>\n","protected":false},"excerpt":{"rendered":"<p>Doming\u00e3o chuvoso na cidade, mesmo assim o trabalho corre solto por aqui. Aproveito o intervalo para fazer a postagem do dia. Hoje come\u00e7ando uma nova semana livre. Mais uma vez temos aqui a dupla baiana Tom e Dito. &#8220;Revert\u00e9rio&#8221; foi &hellip; <a href=\"https:\/\/www.toque-musicall.com\/?p=1454\">Continue lendo <span class=\"meta-nav\">&rarr;<\/span><\/a><\/p>\n","protected":false},"author":1,"featured_media":0,"comment_status":"open","ping_status":"closed","sticky":false,"template":"","format":"standard","meta":{"footnotes":""},"categories":[1636],"tags":[],"class_list":["post-1454","post","type-post","status-publish","format-standard","hentry","category-tom-e-dito"],"_links":{"self":[{"href":"https:\/\/www.toque-musicall.com\/index.php?rest_route=\/wp\/v2\/posts\/1454","targetHints":{"allow":["GET"]}}],"collection":[{"href":"https:\/\/www.toque-musicall.com\/index.php?rest_route=\/wp\/v2\/posts"}],"about":[{"href":"https:\/\/www.toque-musicall.com\/index.php?rest_route=\/wp\/v2\/types\/post"}],"author":[{"embeddable":true,"href":"https:\/\/www.toque-musicall.com\/index.php?rest_route=\/wp\/v2\/users\/1"}],"replies":[{"embeddable":true,"href":"https:\/\/www.toque-musicall.com\/index.php?rest_route=%2Fwp%2Fv2%2Fcomments&post=1454"}],"version-history":[{"count":0,"href":"https:\/\/www.toque-musicall.com\/index.php?rest_route=\/wp\/v2\/posts\/1454\/revisions"}],"wp:attachment":[{"href":"https:\/\/www.toque-musicall.com\/index.php?rest_route=%2Fwp%2Fv2%2Fmedia&parent=1454"}],"wp:term":[{"taxonomy":"category","embeddable":true,"href":"https:\/\/www.toque-musicall.com\/index.php?rest_route=%2Fwp%2Fv2%2Fcategories&post=1454"},{"taxonomy":"post_tag","embeddable":true,"href":"https:\/\/www.toque-musicall.com\/index.php?rest_route=%2Fwp%2Fv2%2Ftags&post=1454"}],"curies":[{"name":"wp","href":"https:\/\/api.w.org\/{rel}","templated":true}]}}