{"id":1460,"date":"2008-09-17T14:26:00","date_gmt":"2008-09-17T14:26:00","guid":{"rendered":"http:\/\/www.toque-musicall.com\/?p=1460"},"modified":"2008-09-17T14:26:00","modified_gmt":"2008-09-17T14:26:00","slug":"patife-band-corredor-polones-1987","status":"publish","type":"post","link":"https:\/\/www.toque-musicall.com\/?p=1460","title":{"rendered":"Patife Band &#8211; Corredor Polon\u00eas (1987)"},"content":{"rendered":"<div align=\"left\"><a href=\"http:\/\/2.bp.blogspot.com\/_DSKVEvHtskc\/SNEUErcsg4I\/AAAAAAAAB9U\/IUlDgTw4jiE\/s1600-h\/patife+band+-+P.JPG\"><img decoding=\"async\" id=\"BLOGGER_PHOTO_ID_5246997111478453122\" style=\"DISPLAY: block; MARGIN: 0px auto 10px; CURSOR: hand; TEXT-ALIGN: center\" alt=\"\" src=\"http:\/\/2.bp.blogspot.com\/_DSKVEvHtskc\/SNEUErcsg4I\/AAAAAAAAB9U\/IUlDgTw4jiE\/s400\/patife+band+-+P.JPG\" border=\"0\" \/><\/a> Antes que algu\u00e9m reclame, ali\u00e1s nem precisava&#8230; temos aqui a Patife Band, grupo criado em S\u00e3o Paulo por Paulo Barnab\u00e9, irm\u00e3o do n\u00e3o menos genial, Arrigo Barbab\u00e9. Este foi o \u00fanico lp da banda, um disco que j\u00e1 se tornou um cl\u00e1ssico do rock nacional. &#8220;Corredor polon\u00eas&#8221; \u00e9 um \u00e1lbum original, com uma pegada forte e nervosa, gosto muito disso&#8230; Um amigo o descreve como uma vers\u00e3o punk de Arrigo. Eu diria que Paulo e sua banda s\u00e3o bem mais que isso. Eles influenciaram muitos titans por a\u00ed. Infelizmente o grupo n\u00e3o teve a chance de se mostrar inteiro e j\u00e1 no final dos anos 80 a Patife j\u00e1 era lenda. Este disco chegou a ser relan\u00e7ado em cd, mas em edi\u00e7\u00e3o reduzida e j\u00e1 se tornou t\u00e3o dif\u00edcil de achar quanto o vinil. Ta\u00ed um disco que eu recomendo e faz parte da minha lista dos dez do rock 80 nacional.<\/div>\n<p><\/p>\n<div align=\"center\">corredor polon\u00eas<\/div>\n<div align=\"center\">pesadelo<\/div>\n<div align=\"center\">chapeuzinho vermelho<\/div>\n<div align=\"center\">t\u00f4 tenso<\/div>\n<div align=\"center\">poema em linha reta<\/div>\n<div align=\"center\">teu bem <\/div>\n<div align=\"center\">tr\u00eas por quatro<\/div>\n<div align=\"center\">pregador maldito<\/div>\n<div align=\"center\">vida de oper\u00e1rio<\/div>\n<div align=\"center\">maria louca<\/div>\n<div align=\"center\"><\/div>\n<div align=\"center\"><\/div>\n<div align=\"center\"> <\/div>\n<div align=\"center\"> <\/div>\n","protected":false},"excerpt":{"rendered":"<p>Antes que algu\u00e9m reclame, ali\u00e1s nem precisava&#8230; temos aqui a Patife Band, grupo criado em S\u00e3o Paulo por Paulo Barnab\u00e9, irm\u00e3o do n\u00e3o menos genial, Arrigo Barbab\u00e9. Este foi o \u00fanico lp da banda, um disco que j\u00e1 se tornou &hellip; <a href=\"https:\/\/www.toque-musicall.com\/?p=1460\">Continue lendo <span class=\"meta-nav\">&rarr;<\/span><\/a><\/p>\n","protected":false},"author":1,"featured_media":0,"comment_status":"open","ping_status":"closed","sticky":false,"template":"","format":"standard","meta":{"footnotes":""},"categories":[1639],"tags":[],"class_list":["post-1460","post","type-post","status-publish","format-standard","hentry","category-patife-band"],"_links":{"self":[{"href":"https:\/\/www.toque-musicall.com\/index.php?rest_route=\/wp\/v2\/posts\/1460","targetHints":{"allow":["GET"]}}],"collection":[{"href":"https:\/\/www.toque-musicall.com\/index.php?rest_route=\/wp\/v2\/posts"}],"about":[{"href":"https:\/\/www.toque-musicall.com\/index.php?rest_route=\/wp\/v2\/types\/post"}],"author":[{"embeddable":true,"href":"https:\/\/www.toque-musicall.com\/index.php?rest_route=\/wp\/v2\/users\/1"}],"replies":[{"embeddable":true,"href":"https:\/\/www.toque-musicall.com\/index.php?rest_route=%2Fwp%2Fv2%2Fcomments&post=1460"}],"version-history":[{"count":0,"href":"https:\/\/www.toque-musicall.com\/index.php?rest_route=\/wp\/v2\/posts\/1460\/revisions"}],"wp:attachment":[{"href":"https:\/\/www.toque-musicall.com\/index.php?rest_route=%2Fwp%2Fv2%2Fmedia&parent=1460"}],"wp:term":[{"taxonomy":"category","embeddable":true,"href":"https:\/\/www.toque-musicall.com\/index.php?rest_route=%2Fwp%2Fv2%2Fcategories&post=1460"},{"taxonomy":"post_tag","embeddable":true,"href":"https:\/\/www.toque-musicall.com\/index.php?rest_route=%2Fwp%2Fv2%2Ftags&post=1460"}],"curies":[{"name":"wp","href":"https:\/\/api.w.org\/{rel}","templated":true}]}}