{"id":147,"date":"2012-02-20T19:09:00","date_gmt":"2012-02-20T19:09:00","guid":{"rendered":"http:\/\/www.toque-musicall.com\/?p=147"},"modified":"2012-02-20T19:09:00","modified_gmt":"2012-02-20T19:09:00","slug":"carnaval-rio-quatrocentao-1964","status":"publish","type":"post","link":"https:\/\/www.toque-musicall.com\/?p=147","title":{"rendered":"Carnaval Rio Quatrocent\u00e3o (1964)"},"content":{"rendered":"<p><a href=\"http:\/\/4.bp.blogspot.com\/-N4Kp-_gChs8\/T0KdedE6IbI\/AAAAAAAABEI\/_v3-D8tTEtw\/s1600\/Capa+P.JPG\"><img decoding=\"async\" style=\"display:block; margin:0px auto 10px; text-align:center;cursor:pointer; cursor:hand;width: 400px; height: 390px;\" src=\"http:\/\/4.bp.blogspot.com\/-N4Kp-_gChs8\/T0KdedE6IbI\/AAAAAAAABEI\/_v3-D8tTEtw\/s400\/Capa+P.JPG\" border=\"0\" alt=\"\" id=\"BLOGGER_PHOTO_ID_5711300423986061746\" \/><\/a><a href=\"http:\/\/2.bp.blogspot.com\/-XylLD7ezPZI\/T0KdVx7WsQI\/AAAAAAAABD8\/Z9Tuhdf_ryA\/s1600\/contracapa+P.JPG\"><img decoding=\"async\" style=\"display:block; margin:0px auto 10px; text-align:center;cursor:pointer; cursor:hand;width: 400px; height: 389px;\" src=\"http:\/\/2.bp.blogspot.com\/-XylLD7ezPZI\/T0KdVx7WsQI\/AAAAAAAABD8\/Z9Tuhdf_ryA\/s400\/contracapa+P.JPG\" border=\"0\" alt=\"\" id=\"BLOGGER_PHOTO_ID_5711300274964312322\" \/><\/a><a href=\"http:\/\/3.bp.blogspot.com\/-1h1rxBxAdaA\/T0Kc9uH8TfI\/AAAAAAAABDk\/GgBqjzQ_4mA\/s1600\/intP.JPG\"><img decoding=\"async\" style=\"display:block; margin:0px auto 10px; text-align:center;cursor:pointer; cursor:hand;width: 400px; height: 192px;\" src=\"http:\/\/3.bp.blogspot.com\/-1h1rxBxAdaA\/T0Kc9uH8TfI\/AAAAAAAABDk\/GgBqjzQ_4mA\/s400\/intP.JPG\" border=\"0\" alt=\"\" id=\"BLOGGER_PHOTO_ID_5711299861626506738\" \/><\/a><a href=\"http:\/\/3.bp.blogspot.com\/--z-mr5TysJk\/T0KcddIZOnI\/AAAAAAAABDY\/PbS3Z-9Y14E\/s1600\/int+1P.JPG\"><img decoding=\"async\" style=\"display:block; margin:0px auto 10px; text-align:center;cursor:pointer; cursor:hand;width: 400px; height: 400px;\" src=\"http:\/\/3.bp.blogspot.com\/--z-mr5TysJk\/T0KcddIZOnI\/AAAAAAAABDY\/PbS3Z-9Y14E\/s400\/int+1P.JPG\" border=\"0\" alt=\"\" id=\"BLOGGER_PHOTO_ID_5711299307309185650\" \/><\/a>Acho que hoje eu nem preciso fazer a tradicional sauda\u00e7\u00e3o, visto que a coisa est\u00e1 mais para &#8216;salga\u00e7\u00e3o&#8217;. Sinceramente n\u00e3o entendi a tamanha motiva\u00e7\u00e3o para tantos coment\u00e1rios. N\u00e3o consigo acreditar que por causa de um simples chato, tudo virou uma enorme chatea\u00e7\u00e3o. N\u00e3o vou negar que fiquei tamb\u00e9m chateado pelas acusa\u00e7\u00f5es daqueles que frenquentam este espa\u00e7o, me culpando por n\u00e3o ter logo tomado as dores da HWR, por uma simples bobagem. Em outras ocasi\u00f5es por aqui j\u00e1 fizeram pior e at\u00e9 comigo mesmo. J\u00e1 fui mais que chato, fui chamado filho da puta, ladr\u00e3o, pirata, viado, babaca, burro e at\u00e9 comunista (como se isso fosse uma ofensa). Em nenhuma das vezes sa\u00edram tantos &#8216;amigos&#8217; em minha defesa. E no fundo, nem precisavam, pois aqueles que me conhecem de verdade, sabem que o meu entendimento de solidariedade \u00e9 na linha de frente. \u00c9 literalmente doando sangue. Percebo que a bandeira que tremula neste c\u00e9u, hoje, n\u00e3o \u00e9 a do Toque Musical. Al\u00e9m do mais, detesto Twitter&#8230;<\/p>\n<div>Hoje me deu vontade de dar um basta nisso tudo, acabar com a se\u00e7\u00e3o de coment\u00e1rios em postagem e consequentemente dificultar o acesso aos links. Sei que tem muita gente bacana por aqui, amigos cultos e tamb\u00e9m ocultos, com um senso maior que o cr\u00edtico. Em considera\u00e7\u00e3o aos verdadeiros segurei o passo, engulo mais saliva e vou em frente&#8230;<\/div>\n<div>T\u00e1 aqui o disco do dia. Mais carnaval&#8230; acho que \u00e9 disso que voc\u00eas est\u00e3o precisando&#8230;<\/div>\n<div>Segue aqui um belo \u00e1lbum lan\u00e7ado pelo selo Copacabana. Um disco especial para uma data especial, Carnaval e 400 anos de favela. Este disco traz um encarte diferente, singular para os moldes tradicionais. Ele se abre como um livreto, com algumas p\u00e1ginas onde iremos encontrar a ficha t\u00e9cnica, as letras de cada uma das m\u00fasicas e seus int\u00e9rpretes. A prop\u00f3sito dos int\u00e9rpretes, temos como destaque a Miss Guanabara e tamb\u00e9m Miss Brasil daquele ano, Vera L\u00facia Couto dos Santos, cantando &#8220;Rosa Dourada&#8221;, uma marchinha de Moacyr Silva e David Nasser. \u00c9 ela a mo\u00e7a da capa \ud83d\ude42<\/div>\n<div>Agora aqui, n\u00e3o sei se publico o &#8216;toque&#8217;, ou se mando voc\u00eas irem procurar ouvir o disco l\u00e1 na HWR. Continuo subindo tudo com muito carinho \ud83d\ude09<\/div>\n<div><\/div>\n<div style=\"text-align: center;\">joga a chave, meu amor &#8211; jorge goulart<\/div>\n<div style=\"text-align: center;\">lua cheia &#8211; angela maria<\/div>\n<div style=\"text-align: center;\">burrinha de mola &#8211; carequinha<\/div>\n<div style=\"text-align: center;\">vem c\u00e1 mulata &#8211; gilberto alves<\/div>\n<div style=\"text-align: center;\">voc\u00ea passou &#8211; roberto silva<\/div>\n<div style=\"text-align: center;\">cora\u00e7\u00e3o em festa &#8211; dina gon\u00e7alves<\/div>\n<div style=\"text-align: center;\">onda da cabeleira &#8211; roberto audi<\/div>\n<div style=\"text-align: center;\">me leva, eu vou &#8211; m\u00e1rio augusto<\/div>\n<div style=\"text-align: center;\">rosa dourada &#8211; vera l\u00facia couto dos santos<\/div>\n<div style=\"text-align: center;\">genipapo &#8211; gilberto alves<\/div>\n<div style=\"text-align: center;\">carnaval quatrocent\u00e3o &#8211; elizeth cardoso<\/div>\n<div style=\"text-align: center;\">deu fungum &#8211; abilio martins<\/div>\n<div style=\"text-align: center;\">rainha de sab\u00e1 e rei salom\u00e3o &#8211; angela maria<\/div>\n<div style=\"text-align: center;\">d\u00favida cruel &#8211; dora lopes<\/div>\n<div style=\"text-align: center;\">tiro de feij\u00e3o &#8211; dercy gon\u00e7alves<\/div>\n<div style=\"text-align: center;\">vendedor de ilus\u00f5es &#8211; arrelia e pimentinha<\/div>\n<div style=\"text-align: center;\">vai zero a\u00ed? &#8211; walter stuart<\/div>\n<div style=\"text-align: center;\">me paga um \u00f3leo a\u00ed (pudim de cacha\u00e7a) &#8211; noel carlos<\/div>\n<div style=\"text-align: center;\"><\/div>\n<div style=\"text-align: center;\"><\/div>\n","protected":false},"excerpt":{"rendered":"<p>Acho que hoje eu nem preciso fazer a tradicional sauda\u00e7\u00e3o, visto que a coisa est\u00e1 mais para &#8216;salga\u00e7\u00e3o&#8217;. Sinceramente n\u00e3o entendi a tamanha motiva\u00e7\u00e3o para tantos coment\u00e1rios. N\u00e3o consigo acreditar que por causa de um simples chato, tudo virou uma &hellip; <a href=\"https:\/\/www.toque-musicall.com\/?p=147\">Continue lendo <span class=\"meta-nav\">&rarr;<\/span><\/a><\/p>\n","protected":false},"author":1,"featured_media":0,"comment_status":"open","ping_status":"closed","sticky":false,"template":"","format":"standard","meta":{"footnotes":""},"categories":[199,263,266,264,268,247,267,84,265,262,152],"tags":[],"class_list":["post-147","post","type-post","status-publish","format-standard","hentry","category-angela-maria","category-carnaval","category-carnaval-rio-quatrocentao","category-dercy-goncalves","category-dora-lopes","category-elizete-cardoso","category-gilberto-alves","category-jorge-goulart","category-roberto-audi","category-roberto-silva","category-selo-copacabana"],"_links":{"self":[{"href":"https:\/\/www.toque-musicall.com\/index.php?rest_route=\/wp\/v2\/posts\/147","targetHints":{"allow":["GET"]}}],"collection":[{"href":"https:\/\/www.toque-musicall.com\/index.php?rest_route=\/wp\/v2\/posts"}],"about":[{"href":"https:\/\/www.toque-musicall.com\/index.php?rest_route=\/wp\/v2\/types\/post"}],"author":[{"embeddable":true,"href":"https:\/\/www.toque-musicall.com\/index.php?rest_route=\/wp\/v2\/users\/1"}],"replies":[{"embeddable":true,"href":"https:\/\/www.toque-musicall.com\/index.php?rest_route=%2Fwp%2Fv2%2Fcomments&post=147"}],"version-history":[{"count":0,"href":"https:\/\/www.toque-musicall.com\/index.php?rest_route=\/wp\/v2\/posts\/147\/revisions"}],"wp:attachment":[{"href":"https:\/\/www.toque-musicall.com\/index.php?rest_route=%2Fwp%2Fv2%2Fmedia&parent=147"}],"wp:term":[{"taxonomy":"category","embeddable":true,"href":"https:\/\/www.toque-musicall.com\/index.php?rest_route=%2Fwp%2Fv2%2Fcategories&post=147"},{"taxonomy":"post_tag","embeddable":true,"href":"https:\/\/www.toque-musicall.com\/index.php?rest_route=%2Fwp%2Fv2%2Ftags&post=147"}],"curies":[{"name":"wp","href":"https:\/\/api.w.org\/{rel}","templated":true}]}}