{"id":148,"date":"2012-02-19T14:22:00","date_gmt":"2012-02-19T14:22:00","guid":{"rendered":"http:\/\/www.toque-musicall.com\/?p=148"},"modified":"2012-02-19T14:22:00","modified_gmt":"2012-02-19T14:22:00","slug":"carnaval-de-1956-1956","status":"publish","type":"post","link":"https:\/\/www.toque-musicall.com\/?p=148","title":{"rendered":"Carnaval De 1956 (1956)"},"content":{"rendered":"<p><a href=\"http:\/\/2.bp.blogspot.com\/-9yPCP-qAIlI\/T0EGZubQOOI\/AAAAAAAABDM\/aqSppPwwDU4\/s1600\/capa+P.JPG\"><img decoding=\"async\" style=\"display:block; margin:0px auto 10px; text-align:center;cursor:pointer; cursor:hand;width: 400px; height: 396px;\" src=\"http:\/\/2.bp.blogspot.com\/-9yPCP-qAIlI\/T0EGZubQOOI\/AAAAAAAABDM\/aqSppPwwDU4\/s400\/capa+P.JPG\" border=\"0\" alt=\"\" id=\"BLOGGER_PHOTO_ID_5710852841511336162\" \/><\/a><a href=\"http:\/\/4.bp.blogspot.com\/-j3rmfqyqAPY\/T0EGViRS10I\/AAAAAAAABDA\/ftF9nDCu8b0\/s1600\/contracapa+P.JPG\"><img decoding=\"async\" style=\"display:block; margin:0px auto 10px; text-align:center;cursor:pointer; cursor:hand;width: 400px; height: 390px;\" src=\"http:\/\/4.bp.blogspot.com\/-j3rmfqyqAPY\/T0EGViRS10I\/AAAAAAAABDA\/ftF9nDCu8b0\/s400\/contracapa+P.JPG\" border=\"0\" alt=\"\" id=\"BLOGGER_PHOTO_ID_5710852769528862530\" \/><\/a>Bom dia, ou melhor, boa tarde, amigos foli\u00f5es cultos e ocultos! N\u00e3o estive na farra do carnaval, mas acordei mesmo tarde. Estava aqui pensado que fosse ainda umas nove horas da manh\u00e3, em virtude do sil\u00eancio em que est\u00e1 a cidade. \u00c9 BH, sabe como \u00e9&#8230; Ontem eu sa\u00ed na rua para ver o movimento e por incr\u00edvel que pare\u00e7a, me deparei com um grupo de quase 200 pessoas na rua, ouvindo e curtindo sabe o que? Funk, mas das antigas, a l\u00e1 James Brown. Uma coisa super curiosa, quase surreal, considerando estarmos em pleno carnaval. Mas Bel\u00f4 tem dessas coisas, quando a gente menos espera, ao virar uma rua, encontra uma surpresa. Por mais que minha cabe\u00e7a estivesse no samba, n\u00e3o pude resistir ao balan\u00e7o daquela mo\u00e7ada. Discotecagem na rua, uma pilha de caixas ac\u00fasticas e o povo mandando v\u00ea&#8230; Encontrei at\u00e9 alguns amigos e cheguei a ser reconhecido e fotografado. T\u00f4 ficando famoso! Hehehe&#8230;<\/p>\n<div>Mas deixando o &#8216;groove&#8217; de lado, vamos ao que realmente interessa, ao disco do dia e ao nosso Carnaval. Tenho aqui para voc\u00eas mais um disquinho cl\u00e1ssico, do caran\u00e1 de 1956. N\u00e3o h\u00e1 quem n\u00e3o goste de velhas marchinhas, principalmente em sua \u00e9poca de ouro.  &#8220;Carnaval de 1956&#8221;, tr\u00e1s alguns sucessos do ano lan\u00e7ados pelo selo Columbia. \u00c9 aquele disquinho tradicional, que a cada novo ano era lan\u00e7ado pelas grandes gravadoras. Neste encontraremos&#8230;<\/div>\n<div><\/div>\n<div style=\"text-align: center;\">nem toda flor tem perfume &#8211; cauby peixoto<\/div>\n<div style=\"text-align: center;\">gato preto &#8211; lana bittencourt<\/div>\n<div style=\"text-align: center;\">gente bem &#8211; carlos henrique<\/div>\n<div style=\"text-align: center;\">cinza &#8211; ruth amaral<\/div>\n<div style=\"text-align: center;\">eu chorei &#8211; lana bittencourt<\/div>\n<div style=\"text-align: center;\">cabo frio &#8211; cauby peixoto<\/div>\n<div style=\"text-align: center;\">quebranto de solteirona &#8211; ruth amaral<\/div>\n<div style=\"text-align: center;\">t\u00f4 caindo &#8211; walter damasceno<\/div>\n<div><\/div>\n<div><\/div>\n","protected":false},"excerpt":{"rendered":"<p>Bom dia, ou melhor, boa tarde, amigos foli\u00f5es cultos e ocultos! N\u00e3o estive na farra do carnaval, mas acordei mesmo tarde. Estava aqui pensado que fosse ainda umas nove horas da manh\u00e3, em virtude do sil\u00eancio em que est\u00e1 a &hellip; <a href=\"https:\/\/www.toque-musicall.com\/?p=148\">Continue lendo <span class=\"meta-nav\">&rarr;<\/span><\/a><\/p>\n","protected":false},"author":1,"featured_media":0,"comment_status":"open","ping_status":"closed","sticky":false,"template":"","format":"standard","meta":{"footnotes":""},"categories":[270,263,177,162,271,269],"tags":[],"class_list":["post-148","post","type-post","status-publish","format-standard","hentry","category-carlos-henrique","category-carnaval","category-cauby-peixoto","category-lana-bittencourt","category-ruth-amaral-walter-damasceno","category-selo-columbia"],"_links":{"self":[{"href":"https:\/\/www.toque-musicall.com\/index.php?rest_route=\/wp\/v2\/posts\/148","targetHints":{"allow":["GET"]}}],"collection":[{"href":"https:\/\/www.toque-musicall.com\/index.php?rest_route=\/wp\/v2\/posts"}],"about":[{"href":"https:\/\/www.toque-musicall.com\/index.php?rest_route=\/wp\/v2\/types\/post"}],"author":[{"embeddable":true,"href":"https:\/\/www.toque-musicall.com\/index.php?rest_route=\/wp\/v2\/users\/1"}],"replies":[{"embeddable":true,"href":"https:\/\/www.toque-musicall.com\/index.php?rest_route=%2Fwp%2Fv2%2Fcomments&post=148"}],"version-history":[{"count":0,"href":"https:\/\/www.toque-musicall.com\/index.php?rest_route=\/wp\/v2\/posts\/148\/revisions"}],"wp:attachment":[{"href":"https:\/\/www.toque-musicall.com\/index.php?rest_route=%2Fwp%2Fv2%2Fmedia&parent=148"}],"wp:term":[{"taxonomy":"category","embeddable":true,"href":"https:\/\/www.toque-musicall.com\/index.php?rest_route=%2Fwp%2Fv2%2Fcategories&post=148"},{"taxonomy":"post_tag","embeddable":true,"href":"https:\/\/www.toque-musicall.com\/index.php?rest_route=%2Fwp%2Fv2%2Ftags&post=148"}],"curies":[{"name":"wp","href":"https:\/\/api.w.org\/{rel}","templated":true}]}}