{"id":1480,"date":"2008-08-29T16:54:00","date_gmt":"2008-08-29T16:54:00","guid":{"rendered":"http:\/\/www.toque-musicall.com\/?p=1480"},"modified":"2008-08-29T16:54:00","modified_gmt":"2008-08-29T16:54:00","slug":"roberto-guima-1981","status":"publish","type":"post","link":"https:\/\/www.toque-musicall.com\/?p=1480","title":{"rendered":"Roberto Guima (1981)"},"content":{"rendered":"<p><a href=\"http:\/\/4.bp.blogspot.com\/_DSKVEvHtskc\/SLgq8q1X23I\/AAAAAAAAB6E\/ieOq0C46WGM\/s1600-h\/Roberto.JPG\"><img decoding=\"async\" id=\"BLOGGER_PHOTO_ID_5239985388224240498\" style=\"DISPLAY: block; MARGIN: 0px auto 10px; CURSOR: hand; TEXT-ALIGN: center\" alt=\"\" src=\"http:\/\/4.bp.blogspot.com\/_DSKVEvHtskc\/SLgq8q1X23I\/AAAAAAAAB6E\/ieOq0C46WGM\/s400\/Roberto.JPG\" border=\"0\" \/><\/a>Ol\u00e1 amigos solid\u00e1rios, solit\u00e1rios, cultos e ocultos deste blog! Recuperado, aqui vou eu para mais uma postagem. Estarei preparando para os pr\u00f3ximos dias aqueles e outros discos in\u00e9ditos e selecionados. Vamos iniciar setembro recuperando a mem\u00f3ria musical das d\u00e9cadas de 70 e 80. Existem alguns discos que eu considero muito importantes e que ainda n\u00e3o foram apresentados em outros blogs. Vou ent\u00e3o dando aqui a minha contribui\u00e7\u00e3o.<br \/>Temos agora um disco, por certo, muito esperado &#8211; Roberto Guima &#8211; em seu primeiro e \u00fanico trabalho autoral. Cantor e clarinetista, ele foi uma das grandes revela\u00e7\u00f5es da m\u00fasica brasileira no in\u00edcio dos anos 80. Foi m\u00fasico da noite carioca, tocou e acompanhoou diversos artistas, inclusive Gil e Jimmy Cliff em tourn\u00e9 pelo Brasil. Artista talentoso, com seus vinte poucos anos, iniciando uma grande carreira. Partiu antes da hora, sem poder mostra todo o seu talento. Este \u00e1lbum, me parece foi lan\u00e7ado ap\u00f3s sua morte. Um disco com composi\u00e7\u00f5es pr\u00f3prias, amparas por convidados super feras como Paulo Moura, Celso Fonseca, Mar\u00e7al, Leo Gandelman, Marcio Montarroyos entre outros.  Pode conferir que vale a pena \ud83d\ude42<\/p>\n<div align=\"center\">tome era<\/div>\n<div align=\"center\">amor e natureza<\/div>\n<div align=\"center\">se dizer que n\u00e3o<\/div>\n<div align=\"center\">geisa<\/div>\n<div align=\"center\">hora do rush<\/div>\n<div align=\"center\">linha de montagem<\/div>\n<div align=\"center\">l\u00e2mpada de aladim<\/div>\n<div align=\"center\">alma vadia<\/div>\n<div align=\"center\">eu queria saber<\/div>\n<div align=\"center\">ess\u00eancia de algu\u00e9m<\/div>\n<div align=\"center\"><\/div>\n<div align=\"center\"><\/div>\n<div align=\"center\"> <\/div>\n<div align=\"center\"> <\/div>\n","protected":false},"excerpt":{"rendered":"<p>Ol\u00e1 amigos solid\u00e1rios, solit\u00e1rios, cultos e ocultos deste blog! Recuperado, aqui vou eu para mais uma postagem. Estarei preparando para os pr\u00f3ximos dias aqueles e outros discos in\u00e9ditos e selecionados. Vamos iniciar setembro recuperando a mem\u00f3ria musical das d\u00e9cadas de &hellip; <a href=\"https:\/\/www.toque-musicall.com\/?p=1480\">Continue lendo <span class=\"meta-nav\">&rarr;<\/span><\/a><\/p>\n","protected":false},"author":1,"featured_media":0,"comment_status":"open","ping_status":"closed","sticky":false,"template":"","format":"standard","meta":{"footnotes":""},"categories":[1648],"tags":[],"class_list":["post-1480","post","type-post","status-publish","format-standard","hentry","category-roberto-guima"],"_links":{"self":[{"href":"https:\/\/www.toque-musicall.com\/index.php?rest_route=\/wp\/v2\/posts\/1480","targetHints":{"allow":["GET"]}}],"collection":[{"href":"https:\/\/www.toque-musicall.com\/index.php?rest_route=\/wp\/v2\/posts"}],"about":[{"href":"https:\/\/www.toque-musicall.com\/index.php?rest_route=\/wp\/v2\/types\/post"}],"author":[{"embeddable":true,"href":"https:\/\/www.toque-musicall.com\/index.php?rest_route=\/wp\/v2\/users\/1"}],"replies":[{"embeddable":true,"href":"https:\/\/www.toque-musicall.com\/index.php?rest_route=%2Fwp%2Fv2%2Fcomments&post=1480"}],"version-history":[{"count":0,"href":"https:\/\/www.toque-musicall.com\/index.php?rest_route=\/wp\/v2\/posts\/1480\/revisions"}],"wp:attachment":[{"href":"https:\/\/www.toque-musicall.com\/index.php?rest_route=%2Fwp%2Fv2%2Fmedia&parent=1480"}],"wp:term":[{"taxonomy":"category","embeddable":true,"href":"https:\/\/www.toque-musicall.com\/index.php?rest_route=%2Fwp%2Fv2%2Fcategories&post=1480"},{"taxonomy":"post_tag","embeddable":true,"href":"https:\/\/www.toque-musicall.com\/index.php?rest_route=%2Fwp%2Fv2%2Ftags&post=1480"}],"curies":[{"name":"wp","href":"https:\/\/api.w.org\/{rel}","templated":true}]}}