{"id":149,"date":"2012-02-18T22:21:00","date_gmt":"2012-02-18T22:21:00","guid":{"rendered":"http:\/\/www.toque-musicall.com\/?p=149"},"modified":"2012-02-18T22:21:00","modified_gmt":"2012-02-18T22:21:00","slug":"carnaval-festa-do-povo-1978","status":"publish","type":"post","link":"https:\/\/www.toque-musicall.com\/?p=149","title":{"rendered":"Carnaval &#8211; Festa Do Povo (1978)"},"content":{"rendered":"<p><a href=\"http:\/\/3.bp.blogspot.com\/-vFJtM3RxJt4\/T0AkyRs_cjI\/AAAAAAAABCw\/31l8uKpTLus\/s1600\/capa+P.JPG\"><img decoding=\"async\" style=\"display:block; margin:0px auto 10px; text-align:center;cursor:pointer; cursor:hand;width: 397px; height: 400px;\" src=\"http:\/\/3.bp.blogspot.com\/-vFJtM3RxJt4\/T0AkyRs_cjI\/AAAAAAAABCw\/31l8uKpTLus\/s400\/capa+P.JPG\" border=\"0\" alt=\"\" id=\"BLOGGER_PHOTO_ID_5710604773669958194\" \/><\/a><a href=\"http:\/\/1.bp.blogspot.com\/-jSFP-wga2h0\/T0AkuqAo09I\/AAAAAAAABCk\/fgKuZNZ2NYk\/s1600\/contracapa+P.JPG\"><img decoding=\"async\" style=\"display:block; margin:0px auto 10px; text-align:center;cursor:pointer; cursor:hand;width: 400px; height: 392px;\" src=\"http:\/\/1.bp.blogspot.com\/-jSFP-wga2h0\/T0AkuqAo09I\/AAAAAAAABCk\/fgKuZNZ2NYk\/s400\/contracapa+P.JPG\" border=\"0\" alt=\"\" id=\"BLOGGER_PHOTO_ID_5710604711475336146\" \/><\/a>Boa noite, amigos foli\u00f5es cultos e ocultos! Hoje, s\u00e1bado \u00e9 dia de colet\u00e2neas e tamb\u00e9m \u00e9 carnaval. Pensei em fazer aqui uma sele\u00e7\u00e3o especial e exclusiva do Toque Musical, mas sinceramente, n\u00e3o tive tempo. Da\u00ed, busquei agora uma alternativa. Me lembrei desta obscura colet\u00e2nea carnavalesca que eu por acaso achei em um sebo, no Rio. Haviam l\u00e1 uns 30 a 40 discos desse, todos novinhos, possivelmente, restos de estoque ou encalhe de alguma loja. Por 1 real, fui logo pegando uns tr\u00eas, por garantia. N\u00e3o fosse a minha pregui\u00e7a em fazer agora uma colet\u00e2nea, este disco iria passar batido, nem lembrava. Mas, enfim, ta\u00ed&#8230;<\/p>\n<div>&#8220;Carnaval, Festa do Povo&#8221; foi lan\u00e7ado no final dos anos 70 por um selo que eu nunca ouvi falar, mas distribu\u00eddo pela extinta gravadora e editora paulista Crazy. Temos aqui reunidas 18 m\u00fasicas de carnaval, muitas delas bem conhecidas de todos n\u00f3s, o que j\u00e1 n\u00e3o se pode dizer de seus int\u00e9rpretes. S\u00f3 conhe\u00e7o aqui o Germano Mathias, Lila Oliveira (irm\u00e3 da Dalva) e aquele jurado do Silvio Santos e Rei Momo, Edson Santana. Pelo estil\u00e3o do disco, acredito que seja uma produ\u00e7\u00e3o inteiramente paulista. O mais interessante deste \u00e1lbum \u00e9 que ele n\u00e3o \u00e9 datado, quer dizer, n\u00e3o \u00e9 um disco de um determinado ano de carnaval. Vale para todos os anos, principalmente para este aqui no Toque Musical. Caiam na folia&#8230;<\/div>\n<div><\/div>\n<div style=\"text-align: center;\">hino ao rei momo &#8211; edson santana<\/div>\n<div style=\"text-align: center;\">ele \u00e9 papo furado &#8211; herval lessa<\/div>\n<div style=\"text-align: center;\">gargalha palha\u00e7o &#8211; nilton silva<\/div>\n<div style=\"text-align: center;\">aceite esta rosa &#8211; wilson d souza<\/div>\n<div style=\"text-align: center;\">fantasia de buda &#8211; tesourinha<\/div>\n<div style=\"text-align: center;\">se eu for eleito &#8211; paris delfino<\/div>\n<div style=\"text-align: center;\">quem me dera &#8211; francisco ribeiro<\/div>\n<div style=\"text-align: center;\">at\u00e9 segunda feira &#8211; tony ribeiro<\/div>\n<div style=\"text-align: center;\">voc\u00ea voltou &#8211; as vozes<\/div>\n<div style=\"text-align: center;\">devaneios de um pierrot &#8211; g. martins<\/div>\n<div style=\"text-align: center;\">inter-esquadr\u00e3o de ouro &#8211; germano mathias<\/div>\n<div style=\"text-align: center;\">japonesa &#8211; wilson de souza<\/div>\n<div style=\"text-align: center;\">agora \u00e9 samba &#8211; jose depaula<\/div>\n<div style=\"text-align: center;\">eu n\u00e3o sou rei &#8211; nilton silva<\/div>\n<div style=\"text-align: center;\">culpado \u00e9 o meu cora\u00e7\u00e3o &#8211; as vozes<\/div>\n<div style=\"text-align: center;\">beijos ardentes &#8211; lila oliveira<\/div>\n<div style=\"text-align: center;\">marcha dos p\u00e9s de cana &#8211; r.c.p.<\/div>\n<div style=\"text-align: center;\">desarme o seu cora\u00e7\u00e3o &#8211; jos\u00e9 louren\u00e7o<\/div>\n<div style=\"text-align: center;\"><\/div>\n<div style=\"text-align: center;\"><\/div>\n<div style=\"text-align: center;\"><\/div>\n","protected":false},"excerpt":{"rendered":"<p>Boa noite, amigos foli\u00f5es cultos e ocultos! Hoje, s\u00e1bado \u00e9 dia de colet\u00e2neas e tamb\u00e9m \u00e9 carnaval. Pensei em fazer aqui uma sele\u00e7\u00e3o especial e exclusiva do Toque Musical, mas sinceramente, n\u00e3o tive tempo. Da\u00ed, busquei agora uma alternativa. Me &hellip; <a href=\"https:\/\/www.toque-musicall.com\/?p=149\">Continue lendo <span class=\"meta-nav\">&rarr;<\/span><\/a><\/p>\n","protected":false},"author":1,"featured_media":0,"comment_status":"open","ping_status":"closed","sticky":false,"template":"","format":"standard","meta":{"footnotes":""},"categories":[263,273,272,274],"tags":[],"class_list":["post-149","post","type-post","status-publish","format-standard","hentry","category-carnaval","category-carnaval-festa-do-povo","category-germano-mathias","category-selo-olympic"],"_links":{"self":[{"href":"https:\/\/www.toque-musicall.com\/index.php?rest_route=\/wp\/v2\/posts\/149","targetHints":{"allow":["GET"]}}],"collection":[{"href":"https:\/\/www.toque-musicall.com\/index.php?rest_route=\/wp\/v2\/posts"}],"about":[{"href":"https:\/\/www.toque-musicall.com\/index.php?rest_route=\/wp\/v2\/types\/post"}],"author":[{"embeddable":true,"href":"https:\/\/www.toque-musicall.com\/index.php?rest_route=\/wp\/v2\/users\/1"}],"replies":[{"embeddable":true,"href":"https:\/\/www.toque-musicall.com\/index.php?rest_route=%2Fwp%2Fv2%2Fcomments&post=149"}],"version-history":[{"count":0,"href":"https:\/\/www.toque-musicall.com\/index.php?rest_route=\/wp\/v2\/posts\/149\/revisions"}],"wp:attachment":[{"href":"https:\/\/www.toque-musicall.com\/index.php?rest_route=%2Fwp%2Fv2%2Fmedia&parent=149"}],"wp:term":[{"taxonomy":"category","embeddable":true,"href":"https:\/\/www.toque-musicall.com\/index.php?rest_route=%2Fwp%2Fv2%2Fcategories&post=149"},{"taxonomy":"post_tag","embeddable":true,"href":"https:\/\/www.toque-musicall.com\/index.php?rest_route=%2Fwp%2Fv2%2Ftags&post=149"}],"curies":[{"name":"wp","href":"https:\/\/api.w.org\/{rel}","templated":true}]}}