{"id":150,"date":"2012-02-17T10:43:00","date_gmt":"2012-02-17T10:43:00","guid":{"rendered":"http:\/\/www.toque-musicall.com\/?p=150"},"modified":"2012-02-17T10:43:00","modified_gmt":"2012-02-17T10:43:00","slug":"a-banda-do-gato-o-baile-do-gato-1969","status":"publish","type":"post","link":"https:\/\/www.toque-musicall.com\/?p=150","title":{"rendered":"A Banda Do Gato &#8211; O Baile Do Gato (1969)"},"content":{"rendered":"<p><a href=\"http:\/\/4.bp.blogspot.com\/-lz6SWrIj96g\/Tz4vnKyr6II\/AAAAAAAABCY\/LQcNGFsSEdQ\/s1600\/capaP.JPG\"><img decoding=\"async\" style=\"display:block; margin:0px auto 10px; text-align:center;cursor:pointer; cursor:hand;width: 400px; height: 396px;\" src=\"http:\/\/4.bp.blogspot.com\/-lz6SWrIj96g\/Tz4vnKyr6II\/AAAAAAAABCY\/LQcNGFsSEdQ\/s400\/capaP.JPG\" border=\"0\" alt=\"\" id=\"BLOGGER_PHOTO_ID_5710053727510718594\" \/><\/a><a href=\"http:\/\/4.bp.blogspot.com\/-GY7gDQrnyOM\/Tz4vjdROMoI\/AAAAAAAABCM\/dHoNyEc_epk\/s1600\/contracapa+P.JPG\"><img decoding=\"async\" style=\"display:block; margin:0px auto 10px; text-align:center;cursor:pointer; cursor:hand;width: 400px; height: 395px;\" src=\"http:\/\/4.bp.blogspot.com\/-GY7gDQrnyOM\/Tz4vjdROMoI\/AAAAAAAABCM\/dHoNyEc_epk\/s400\/contracapa+P.JPG\" border=\"0\" alt=\"\" id=\"BLOGGER_PHOTO_ID_5710053663751156354\" \/><\/a>Bom dia, amigos foli\u00f5es cultos e ocultos! Hoje \u00e9 sexta feira, dia de artista\/disco independente, mas \u00e9 tamb\u00e9m a sexta feira que antecede ao Carnaval. Em alguns lugares e para muita gente j\u00e1 \u00e9 carnaval. Assim sendo, dou uma pausa nos independente e caio matando na folia carnavalesca.<\/p>\n<div>Trago aqui para voc\u00eas o &#8220;Baile do Gato&#8221;, um disco carnavalesco lan\u00e7ado no final dos anos 60 (infelizmente n\u00e3o encontrei o ano exato deste lan\u00e7amento). Patrocinado e promovido pela Secretaria de Turismo do antigo Estado da Guanabara, o \u00e1lbum foi uma maneira de fixar ao card\u00e1pio festivo da cidade um novo baile de sal\u00e3o, realizado no Clube S\u00edrio Liban\u00eas, que naquele ano (que eu n\u00e3o sei qual) se fazia pela segunda vez. N\u00e3o sei tamb\u00e9m se este baile chegou a ter outras edi\u00e7\u00f5es nos anos seguintes. Eu suponho que n\u00e3o, pois n\u00e3o encontrei nenhuma refer\u00eancia a respeito disso. <\/div>\n<div>O Baile do Gato \u00e9 um disco que chama a aten\u00e7\u00e3o, principalmente pela capa, uma ilustra\u00e7\u00e3o muito boa e divertida, criada por Ziraldo. A grava\u00e7\u00e3o me parece ter sido feito ao vivo, talvez extra\u00edda do baile anterior. A edi\u00e7\u00e3o musical fica um pouco a desejar com cortes bruscos que nos d\u00e3o a impress\u00e3o de termos pulado de faixa. Tentei melhorar um pouco essa situa\u00e7\u00e3o, separando algumas dessas faixas, em outras, mantive na base do &#8216;pot-pourri&#8217;. Acho que a ideia era essa mesma, um disco sem pausas, para todo mundo pular sem parar. Salve o Carnaval!<\/div>\n<div><\/div>\n<div style=\"text-align: center;\">at\u00e9 quarta feira<\/div>\n<div style=\"text-align: center;\">pata pata &#8211; garota do ip\u00ea<\/div>\n<div style=\"text-align: center;\">me abra\u00e7a e me beija<\/div>\n<div style=\"text-align: center;\">voltei<\/div>\n<div style=\"text-align: center;\">amor de carnaval<\/div>\n<div style=\"text-align: center;\">portela querida<\/div>\n<div style=\"text-align: center;\">d\u00e1 nela saudade<\/div>\n<div style=\"text-align: center;\">bom dia<\/div>\n<div style=\"text-align: center;\">samba do crioulo doido<\/div>\n<div style=\"text-align: center;\">apareceu a margarida<\/div>\n<div style=\"text-align: center;\">um instante maestro<\/div>\n<div style=\"text-align: center;\">oh que del\u00edcia de mulata<\/div>\n<div style=\"text-align: center;\">cidade maravilhosa<\/div>\n<div style=\"text-align: center;\"><\/div>\n<div style=\"text-align: center;\"><\/div>\n","protected":false},"excerpt":{"rendered":"<p>Bom dia, amigos foli\u00f5es cultos e ocultos! Hoje \u00e9 sexta feira, dia de artista\/disco independente, mas \u00e9 tamb\u00e9m a sexta feira que antecede ao Carnaval. Em alguns lugares e para muita gente j\u00e1 \u00e9 carnaval. Assim sendo, dou uma pausa &hellip; <a href=\"https:\/\/www.toque-musicall.com\/?p=150\">Continue lendo <span class=\"meta-nav\">&rarr;<\/span><\/a><\/p>\n","protected":false},"author":1,"featured_media":0,"comment_status":"open","ping_status":"closed","sticky":false,"template":"","format":"standard","meta":{"footnotes":""},"categories":[276,263,275],"tags":[],"class_list":["post-150","post","type-post","status-publish","format-standard","hentry","category-a-banda-do-gato","category-carnaval","category-selo-equipe"],"_links":{"self":[{"href":"https:\/\/www.toque-musicall.com\/index.php?rest_route=\/wp\/v2\/posts\/150","targetHints":{"allow":["GET"]}}],"collection":[{"href":"https:\/\/www.toque-musicall.com\/index.php?rest_route=\/wp\/v2\/posts"}],"about":[{"href":"https:\/\/www.toque-musicall.com\/index.php?rest_route=\/wp\/v2\/types\/post"}],"author":[{"embeddable":true,"href":"https:\/\/www.toque-musicall.com\/index.php?rest_route=\/wp\/v2\/users\/1"}],"replies":[{"embeddable":true,"href":"https:\/\/www.toque-musicall.com\/index.php?rest_route=%2Fwp%2Fv2%2Fcomments&post=150"}],"version-history":[{"count":0,"href":"https:\/\/www.toque-musicall.com\/index.php?rest_route=\/wp\/v2\/posts\/150\/revisions"}],"wp:attachment":[{"href":"https:\/\/www.toque-musicall.com\/index.php?rest_route=%2Fwp%2Fv2%2Fmedia&parent=150"}],"wp:term":[{"taxonomy":"category","embeddable":true,"href":"https:\/\/www.toque-musicall.com\/index.php?rest_route=%2Fwp%2Fv2%2Fcategories&post=150"},{"taxonomy":"post_tag","embeddable":true,"href":"https:\/\/www.toque-musicall.com\/index.php?rest_route=%2Fwp%2Fv2%2Ftags&post=150"}],"curies":[{"name":"wp","href":"https:\/\/api.w.org\/{rel}","templated":true}]}}