{"id":1501,"date":"2008-08-16T12:05:00","date_gmt":"2008-08-16T12:05:00","guid":{"rendered":"http:\/\/www.toque-musicall.com\/?p=1501"},"modified":"2008-08-16T12:05:00","modified_gmt":"2008-08-16T12:05:00","slug":"orquestra-de-frevo-mocambo-viva-o-frevo-1968","status":"publish","type":"post","link":"https:\/\/www.toque-musicall.com\/?p=1501","title":{"rendered":"Orquestra De Frevo Mocambo &#8211; Viva O Frevo (1968)"},"content":{"rendered":"<p><a href=\"http:\/\/2.bp.blogspot.com\/_DSKVEvHtskc\/SKbDN_KifxI\/AAAAAAAAB20\/kEd8rpHERk0\/s1600-h\/Viva+O+Frevo+P.JPG\"><img decoding=\"async\" id=\"BLOGGER_PHOTO_ID_5235086261926133522\" style=\"DISPLAY: block; MARGIN: 0px auto 10px; CURSOR: hand; TEXT-ALIGN: center\" alt=\"\" src=\"http:\/\/2.bp.blogspot.com\/_DSKVEvHtskc\/SKbDN_KifxI\/AAAAAAAAB20\/kEd8rpHERk0\/s400\/Viva+O+Frevo+P.JPG\" border=\"0\" \/><\/a>Dando seq\u00fc\u00eancia aos embalos carnavalescos, vamos mais uma vez cair na folia. Agora com outro ritmo muito caracter\u00edstico desta festa pag\u00e3, o frevo. Natural de Pernambuco, o frevo pode ser entendido como uma esp\u00e9cie de marchinha acelerada, num ritmo bem mais dan\u00e7ante. N\u00e3o h\u00e1 como n\u00e3o associar este ritmo pulsante \u00e0 cidade de Olinda, por\u00e9m ele n\u00e3o se limita ao regionalismo, sendo parte integrante de qualquer carnaval brasileiro.<br \/>O disco que apresento aqui traz um pouco desse esp\u00edrito pernambucano, numa sele\u00e7\u00e3o musical conduzida pela Orquestra de Frevo da gravadora Mocambo, para o carnaval de 1968. Muito bom, podem conferir!<\/p>\n<div align=\"center\">z\u00e9 pereira<\/div>\n<div align=\"center\">quebra quebra guabiraba<\/div>\n<div align=\"center\">vassourinhas no rio<\/div>\n<div align=\"center\">bicho danado<\/div>\n<div align=\"center\">og\u00eania, tem d\u00f3 de mim<\/div>\n<div align=\"center\">tudo \u00e9 assombra\u00e7\u00e3o<\/div>\n<div align=\"center\">agora \u00e9 que eu quero ver<\/div>\n<div align=\"center\">borboleta n\u00e3o \u00e9 ave<\/div>\n<div align=\"center\">aguenta a virada<\/div>\n<div align=\"center\">se essa rua fosse minha<\/div>\n<div align=\"center\">buli\u00e7osa<\/div>\n<div align=\"center\">o sal\u00e3o est\u00e1 vazio<\/div>\n<div align=\"center\">fortunato no frevo<\/div>\n<div align=\"center\">tira teima<\/div>\n<div align=\"center\">recorda\u00e7\u00e3o de ciciliano<\/div>\n<div align=\"center\">\u00f3ia a virada<\/div>\n<div align=\"center\">evoca\u00e7\u00e3o<\/div>\n<div align=\"center\">faz chorar<\/div>\n<div align=\"center\">final &#8211; despedida do carnaval<\/div>\n<div align=\"center\"><\/div>\n<div align=\"center\"><\/div>\n<div align=\"center\"> <\/div>\n<div align=\"center\"> <\/div>\n","protected":false},"excerpt":{"rendered":"<p>Dando seq\u00fc\u00eancia aos embalos carnavalescos, vamos mais uma vez cair na folia. Agora com outro ritmo muito caracter\u00edstico desta festa pag\u00e3, o frevo. Natural de Pernambuco, o frevo pode ser entendido como uma esp\u00e9cie de marchinha acelerada, num ritmo bem &hellip; <a href=\"https:\/\/www.toque-musicall.com\/?p=1501\">Continue lendo <span class=\"meta-nav\">&rarr;<\/span><\/a><\/p>\n","protected":false},"author":1,"featured_media":0,"comment_status":"open","ping_status":"closed","sticky":false,"template":"","format":"standard","meta":{"footnotes":""},"categories":[1665],"tags":[],"class_list":["post-1501","post","type-post","status-publish","format-standard","hentry","category-orquestra-de-frevo-mocambo"],"_links":{"self":[{"href":"https:\/\/www.toque-musicall.com\/index.php?rest_route=\/wp\/v2\/posts\/1501","targetHints":{"allow":["GET"]}}],"collection":[{"href":"https:\/\/www.toque-musicall.com\/index.php?rest_route=\/wp\/v2\/posts"}],"about":[{"href":"https:\/\/www.toque-musicall.com\/index.php?rest_route=\/wp\/v2\/types\/post"}],"author":[{"embeddable":true,"href":"https:\/\/www.toque-musicall.com\/index.php?rest_route=\/wp\/v2\/users\/1"}],"replies":[{"embeddable":true,"href":"https:\/\/www.toque-musicall.com\/index.php?rest_route=%2Fwp%2Fv2%2Fcomments&post=1501"}],"version-history":[{"count":0,"href":"https:\/\/www.toque-musicall.com\/index.php?rest_route=\/wp\/v2\/posts\/1501\/revisions"}],"wp:attachment":[{"href":"https:\/\/www.toque-musicall.com\/index.php?rest_route=%2Fwp%2Fv2%2Fmedia&parent=1501"}],"wp:term":[{"taxonomy":"category","embeddable":true,"href":"https:\/\/www.toque-musicall.com\/index.php?rest_route=%2Fwp%2Fv2%2Fcategories&post=1501"},{"taxonomy":"post_tag","embeddable":true,"href":"https:\/\/www.toque-musicall.com\/index.php?rest_route=%2Fwp%2Fv2%2Ftags&post=1501"}],"curies":[{"name":"wp","href":"https:\/\/api.w.org\/{rel}","templated":true}]}}