{"id":1503,"date":"2008-08-14T18:40:00","date_gmt":"2008-08-14T18:40:00","guid":{"rendered":"http:\/\/www.toque-musicall.com\/?p=1503"},"modified":"2008-08-14T18:40:00","modified_gmt":"2008-08-14T18:40:00","slug":"ala-dos-compositores-da-e-s-e-p-de-mangueira-exaltacao-a-villa-lobos-1966","status":"publish","type":"post","link":"https:\/\/www.toque-musicall.com\/?p=1503","title":{"rendered":"Ala Dos Compositores Da E. S. E. P. De Mangueira &#8211; Exalta\u00e7\u00e3o A Villa Lobos (1966)"},"content":{"rendered":"<p><a href=\"http:\/\/3.bp.blogspot.com\/_DSKVEvHtskc\/SKR82k_qm4I\/AAAAAAAAB2E\/3pnIyWPSp2I\/s1600-h\/Mangueira+-+Exauta%C3%83%C2%A7%C3%83%C2%A3o+a+Villa+Lobos+P.JPG\"><img decoding=\"async\" id=\"BLOGGER_PHOTO_ID_5234445943996849026\" style=\"DISPLAY: block; MARGIN: 0px auto 10px; CURSOR: hand; TEXT-ALIGN: center\" alt=\"\" src=\"http:\/\/3.bp.blogspot.com\/_DSKVEvHtskc\/SKR82k_qm4I\/AAAAAAAAB2E\/3pnIyWPSp2I\/s400\/Mangueira+-+Exauta%C3%A7%C3%A3o+a+Villa+Lobos+P.JPG\" border=\"0\" \/><\/a>No embalo musical desta semana carnavalesca que eu criei, vou agora trazendo para voc\u00eas mais uma obra rara. Mais um \u00e1lbum singular de escolas de samba. Desta vez temos a E. S. Esta\u00e7\u00e3o Primeira de Mangueira com seus sambas para o enredo \u201cExalta\u00e7\u00e3o a Villa-Lobos\u201d, no Carnaval de 1966. Est\u00e3o presentes nove sambas que disputaram a posi\u00e7\u00e3o do mais adequado para o enredo onde o tema era uma homenagem ao compositor Villa-Lobos. A grava\u00e7\u00e3o foi feita ao vivo na Sala Cec\u00edlia Meireles, sendo parte do acervo do Museu Villa-Lobos do (antigo) MEC. Acredito que nem a Mangueira tenha um exemplar deste disco. Mais um fabuloso material de pesquisa, parte da nossa hist\u00f3ria, deliciosa curiosidade&#8230; Agora est\u00e1 aqui, dispon\u00edvel para todos. Confiram este toque&#8230;<\/p>\n<div align=\"center\">primeira parte do samba de cl\u00e1udio e jurandyr (escolhidos para o desfile)<\/div>\n<div align=\"center\">+ ritmo da escola<\/div>\n<div align=\"center\">samba de darcy, luiz e batista<\/div>\n<div align=\"center\">samba de janu\u00e1rio e mano<\/div>\n<div align=\"center\">samba de ayrton e ney<\/div>\n<div align=\"center\">samba de pelado, comprindo e helio turco<\/div>\n<div align=\"center\">samba de cl\u00e1udio e jurandyr (escolhido para o desfile)<\/div>\n<div align=\"center\">samba de marreta e n. mattos<\/div>\n<div align=\"center\">samba de oliveira divagar e javilino<\/div>\n<div align=\"center\">samba de preto rico<\/div>\n<div align=\"center\">samba de mano e delfim<\/div>\n<div align=\"center\"><\/div>\n<div align=\"center\"><\/div>\n","protected":false},"excerpt":{"rendered":"<p>No embalo musical desta semana carnavalesca que eu criei, vou agora trazendo para voc\u00eas mais uma obra rara. Mais um \u00e1lbum singular de escolas de samba. Desta vez temos a E. S. Esta\u00e7\u00e3o Primeira de Mangueira com seus sambas para &hellip; <a href=\"https:\/\/www.toque-musicall.com\/?p=1503\">Continue lendo <span class=\"meta-nav\">&rarr;<\/span><\/a><\/p>\n","protected":false},"author":1,"featured_media":0,"comment_status":"open","ping_status":"closed","sticky":false,"template":"","format":"standard","meta":{"footnotes":""},"categories":[1671,263],"tags":[],"class_list":["post-1503","post","type-post","status-publish","format-standard","hentry","category-ala-dos-compositores-da-e-s-e-p-de-mangueira","category-carnaval"],"_links":{"self":[{"href":"https:\/\/www.toque-musicall.com\/index.php?rest_route=\/wp\/v2\/posts\/1503","targetHints":{"allow":["GET"]}}],"collection":[{"href":"https:\/\/www.toque-musicall.com\/index.php?rest_route=\/wp\/v2\/posts"}],"about":[{"href":"https:\/\/www.toque-musicall.com\/index.php?rest_route=\/wp\/v2\/types\/post"}],"author":[{"embeddable":true,"href":"https:\/\/www.toque-musicall.com\/index.php?rest_route=\/wp\/v2\/users\/1"}],"replies":[{"embeddable":true,"href":"https:\/\/www.toque-musicall.com\/index.php?rest_route=%2Fwp%2Fv2%2Fcomments&post=1503"}],"version-history":[{"count":0,"href":"https:\/\/www.toque-musicall.com\/index.php?rest_route=\/wp\/v2\/posts\/1503\/revisions"}],"wp:attachment":[{"href":"https:\/\/www.toque-musicall.com\/index.php?rest_route=%2Fwp%2Fv2%2Fmedia&parent=1503"}],"wp:term":[{"taxonomy":"category","embeddable":true,"href":"https:\/\/www.toque-musicall.com\/index.php?rest_route=%2Fwp%2Fv2%2Fcategories&post=1503"},{"taxonomy":"post_tag","embeddable":true,"href":"https:\/\/www.toque-musicall.com\/index.php?rest_route=%2Fwp%2Fv2%2Ftags&post=1503"}],"curies":[{"name":"wp","href":"https:\/\/api.w.org\/{rel}","templated":true}]}}