{"id":1507,"date":"2008-08-11T14:08:00","date_gmt":"2008-08-11T14:08:00","guid":{"rendered":"http:\/\/www.toque-musicall.com\/?p=1507"},"modified":"2008-08-11T14:08:00","modified_gmt":"2008-08-11T14:08:00","slug":"prestige-apresenta-paulinho-para-animar-a-festa-1958","status":"publish","type":"post","link":"https:\/\/www.toque-musicall.com\/?p=1507","title":{"rendered":"Prestige Apresenta Paulinho &#8211; Para Animar A Festa (1958)"},"content":{"rendered":"<p><a href=\"http:\/\/2.bp.blogspot.com\/_DSKVEvHtskc\/SKBMI4QUOKI\/AAAAAAAAB1k\/0cpTfzinSnc\/s1600-h\/prestige+F.JPG\"><img decoding=\"async\" alt=\"\" border=\"0\" id=\"BLOGGER_PHOTO_ID_5233266482428000418\" src=\"http:\/\/2.bp.blogspot.com\/_DSKVEvHtskc\/SKBMI4QUOKI\/AAAAAAAAB1k\/0cpTfzinSnc\/s400\/prestige+F.JPG\" style=\"display: block; margin: 0px auto 10px; text-align: center;\" \/><\/a>Ol\u00e1 amigos cultos e ocultos, visitantes e observadores de plant\u00e3o! Estou come\u00e7ando mais uma semana cheia de velhas e boas novidades. Andei separando alguns discos para essa rodada que considero muito importante resgatar do &#8220;limbo do tempo&#8221;. S\u00e3o lp&#8217;s que, tenho certeza, nunca mais seriam relembrados. A \u00fanica chance \u00e9 assim, for\u00e7ando a barra, abrindo novos caminhos&#8230;<br \/>Come\u00e7o com este \u00e1lbum dan\u00e7ante. Um lan\u00e7amento do selo Prestige, seguindo as tend\u00eancias da \u00e9poca, discos com faixas longas, sem pausa, pr\u00f3prios para a dan\u00e7a. Para dar ao \u00e1lbum uma personalidade, a Prestige convocou o baterista Paulo Fernando de Magalh\u00e3es e seu conjunto.<br \/>O \u00e1lbum \u00e9 mesmo muito bom de dan\u00e7ar (a dois) e deve ter feito sucesso na \u00e9poca, pois nos dois anos seguintes, Paulinho estaria de volta com os volumes dois e tr\u00eas, lan\u00e7ados respectivamente em 1959 e 60. Ele depois seguiu para uma carreira internacional, inicialmente ao lado de S\u00e9rgio Mendes. Tocou com grandes nomes do jazz, tendo tamb\u00e9m participado em grava\u00e7\u00f5es e outros \u00e1lbuns.<br \/>Sem maiores informa\u00e7\u00f5es sobre este instrumentista, recorri a rede e acabei descobrindo (\u00f3bvio) que no Loronix os tr\u00eas \u00e1lbuns j\u00e1 haviam sido postados. Diante ao fato, n\u00e3o vou me dar ao trabalho de postar os demais. Quem quiser os outros, eu recomendo ir buscar l\u00e1 no Zeca, ok?<\/p>\n<div align=\"center\">el manisero<\/div>\n<div align=\"center\">ave maria lola<\/div>\n<div align=\"center\">carioca<\/div>\n<div align=\"center\">lullaby of birdlaind<\/div>\n<div align=\"center\">mulher<\/div>\n<div align=\"center\">nada al\u00e9m<\/div>\n<div align=\"center\">eu e voc\u00ea<\/div>\n<div align=\"center\">\u00faltima can\u00e7\u00e3o<\/div>\n<div align=\"center\">ontem e hoje<\/div>\n<div align=\"center\">noite<\/div>\n<div align=\"center\">babalu <\/div>\n<div align=\"center\">el boceguero<\/div>\n<div align=\"center\">destino<\/div>\n<div align=\"center\">deusa do asfalto<\/div>\n<div align=\"center\">fim de estrada<\/div>\n<div align=\"center\">\u00e9 luxo s\u00f3<\/div>\n<p><\/p>\n<div align=\"center\"><\/div>\n<div align=\"center\"><\/div>\n<div><\/div>\n","protected":false},"excerpt":{"rendered":"<p>Ol\u00e1 amigos cultos e ocultos, visitantes e observadores de plant\u00e3o! Estou come\u00e7ando mais uma semana cheia de velhas e boas novidades. Andei separando alguns discos para essa rodada que considero muito importante resgatar do &#8220;limbo do tempo&#8221;. S\u00e3o lp&#8217;s que, &hellip; <a href=\"https:\/\/www.toque-musicall.com\/?p=1507\">Continue lendo <span class=\"meta-nav\">&rarr;<\/span><\/a><\/p>\n","protected":false},"author":1,"featured_media":0,"comment_status":"open","ping_status":"closed","sticky":false,"template":"","format":"standard","meta":{"footnotes":""},"categories":[183,1674,171],"tags":[],"class_list":["post-1507","post","type-post","status-publish","format-standard","hentry","category-paulinho-e-seu-conjunto","category-paulo-fernando-de-magalhaes-e-seu-conjunto","category-selo-prestige"],"_links":{"self":[{"href":"https:\/\/www.toque-musicall.com\/index.php?rest_route=\/wp\/v2\/posts\/1507","targetHints":{"allow":["GET"]}}],"collection":[{"href":"https:\/\/www.toque-musicall.com\/index.php?rest_route=\/wp\/v2\/posts"}],"about":[{"href":"https:\/\/www.toque-musicall.com\/index.php?rest_route=\/wp\/v2\/types\/post"}],"author":[{"embeddable":true,"href":"https:\/\/www.toque-musicall.com\/index.php?rest_route=\/wp\/v2\/users\/1"}],"replies":[{"embeddable":true,"href":"https:\/\/www.toque-musicall.com\/index.php?rest_route=%2Fwp%2Fv2%2Fcomments&post=1507"}],"version-history":[{"count":0,"href":"https:\/\/www.toque-musicall.com\/index.php?rest_route=\/wp\/v2\/posts\/1507\/revisions"}],"wp:attachment":[{"href":"https:\/\/www.toque-musicall.com\/index.php?rest_route=%2Fwp%2Fv2%2Fmedia&parent=1507"}],"wp:term":[{"taxonomy":"category","embeddable":true,"href":"https:\/\/www.toque-musicall.com\/index.php?rest_route=%2Fwp%2Fv2%2Fcategories&post=1507"},{"taxonomy":"post_tag","embeddable":true,"href":"https:\/\/www.toque-musicall.com\/index.php?rest_route=%2Fwp%2Fv2%2Ftags&post=1507"}],"curies":[{"name":"wp","href":"https:\/\/api.w.org\/{rel}","templated":true}]}}