{"id":1509,"date":"2008-08-10T12:15:00","date_gmt":"2008-08-10T12:15:00","guid":{"rendered":"http:\/\/www.toque-musicall.com\/?p=1509"},"modified":"2008-08-10T12:15:00","modified_gmt":"2008-08-10T12:15:00","slug":"luiz-gonzaga-50-anos-de-chao-1988-repost","status":"publish","type":"post","link":"https:\/\/www.toque-musicall.com\/?p=1509","title":{"rendered":"Luiz Gonzaga &#8211; 50 Anos De Ch\u00e3o (1988) REPOST"},"content":{"rendered":"<div align=\"left\"><a href=\"http:\/\/2.bp.blogspot.com\/_DSKVEvHtskc\/SJ7ouHlZ_RI\/AAAAAAAAB1M\/RuZ6O_6w-OA\/s1600-h\/Luiz+Gonzaga+50+anosde+ch%C3%83%C2%A3o+F.JPG\"><img decoding=\"async\" alt=\"\" border=\"0\" id=\"BLOGGER_PHOTO_ID_5232875696058662162\" src=\"http:\/\/2.bp.blogspot.com\/_DSKVEvHtskc\/SJ7ouHlZ_RI\/AAAAAAAAB1M\/RuZ6O_6w-OA\/s400\/Luiz+Gonzaga+50+anosde+ch%C3%A3o+F.JPG\" style=\"cursor: hand; display: block; margin: 0px auto 10px; text-align: center;\" \/><\/a> <img decoding=\"async\" alt=\"\" border=\"0\" id=\"BLOGGER_PHOTO_ID_5232878264633205298\" src=\"http:\/\/2.bp.blogspot.com\/_DSKVEvHtskc\/SJ7rDoRTIjI\/AAAAAAAAB1U\/4gJN3ApPPAA\/s400\/Luiz+Gonzaga+50+anosde+ch%C3%A3o+B.JPG\" style=\"cursor: hand; display: block; margin: 0px auto 10px; text-align: center;\" \/>Hoje \u00e9 um dia especial. Estamos comemorando o Dia do Pai. Digo pai porque acho que deveria se chamar assim, no singular da singularidade de cada um. Assim como o dia da m\u00e3e ou o dia da crian\u00e7a. Quando pluralizamos, tenho a sensa\u00e7\u00e3o de dist\u00e2ncia, afastamento deste sentido de celebra\u00e7\u00e3o, tornando-se apenas uma data gorda no calend\u00e1rio comercial.<br \/>Mas independente dessas quest\u00f5es, hoje \u00e9 um dia marcado para celebrar o amor paternal. Necessariamente o &#8220;pai&#8221; n\u00e3o precisa ser o progenitor. Ser pai, tanto no c\u00e9u como na terra, vai al\u00e9m de um simples elo sangu\u00edneo. Pai ou m\u00e3e est\u00e3o acima do ser mundano que somos todos n\u00f3s. Eu poderia descrever essa condi\u00e7\u00e3o em apenas duas palavras: amor e prote\u00e7\u00e3o. Uma pessoa pode at\u00e9 n\u00e3o ter tido os pais verdadeiros, mas em algum momento, em algum lugar, ela encontrar\u00e1 amor e prote\u00e7\u00e3o. Sempre haver\u00e1 algu\u00e9m espelhando o sentimento mais nobre, o amor! Meu pai agora est\u00e1 em mim e meu filho j\u00e1 fui eu. Diferentes rela\u00e7\u00f5es, diferente situa\u00e7\u00f5es&#8230; mas o essencial permanece, sempre vivo, o grande amor.<br \/>Em homenagem ent\u00e3o ao pai, quero dedicar esta postagem especial, trazendo para voc\u00eas o Gonzag\u00e3o nesta edi\u00e7\u00e3o comemorativa de seus 50 anos de carreira. Este \u00e1lbum, na verdade uma caixa com cinco lps, procura fazer um apanhado da produ\u00e7\u00e3o do Lua na RCA Victor. Temos aqui, praticamente, todos os seus grandes sucessos. Eu espero que voc\u00eas gostem. &#8230;e viva o papai! <\/div>\n<p><\/p>\n<div align=\"center\">DISCO 1<\/div>\n<div align=\"center\">vira e mexe<\/div>\n<div align=\"center\">dansa mariquinha<\/div>\n<div align=\"center\">no meu p\u00e9 de serra<\/div>\n<div align=\"center\">vem morena<\/div>\n<div align=\"center\">acau\u00e3<\/div>\n<div align=\"center\">bai\u00e3o<\/div>\n<div align=\"center\">asa branca<\/div>\n<div align=\"center\">boiadeiro<\/div>\n<div align=\"center\">cintura fina<\/div>\n<div align=\"center\">foro de man\u00e9 vito<\/div>\n<div align=\"center\">13 de dezembro<\/div>\n<div align=\"center\">no cear\u00e1 n\u00e3o tem disso n\u00e3o<\/div>\n<div align=\"center\"><\/div>\n<div align=\"center\">DISCO 2<\/div>\n<div align=\"center\">pau de arara<\/div>\n<div align=\"center\">sabi\u00e1<\/div>\n<div align=\"center\">juazeiro<\/div>\n<div align=\"center\">a volta da asa branca<\/div>\n<div align=\"center\">bai\u00e3o na garoa<\/div>\n<div align=\"center\">qui nem jil\u00f3<\/div>\n<div align=\"center\">o xote das meninas<\/div>\n<div align=\"center\">assum preto<\/div>\n<div align=\"center\">reacho do navio<\/div>\n<div align=\"center\">respeita januario<\/div>\n<div align=\"center\">para\u00edba<\/div>\n<div align=\"center\">abc do sert\u00e3o<\/div>\n<div align=\"center\"><\/div>\n<div align=\"center\">DISCO 3<\/div>\n<div align=\"center\">a da\u00e7a da moda<\/div>\n<div align=\"center\">l\u00e9gua tirana<\/div>\n<div align=\"center\">imbalan\u00e7a<\/div>\n<div align=\"center\">estrada de canind\u00e9<\/div>\n<div align=\"center\">xandusinha<\/div>\n<div align=\"center\">vozes da seca<\/div>\n<div align=\"center\">olha pro c\u00e9u<\/div>\n<div align=\"center\">s\u00e3o jo\u00e3o da ro\u00e7a<\/div>\n<div align=\"center\">noites brasileiras<\/div>\n<div align=\"center\">s\u00e3o jo\u00e3o do carneiriho<\/div>\n<div align=\"center\">piriri<\/div>\n<div align=\"center\">forr\u00f3 no escuro<\/div>\n<div align=\"center\"><\/div>\n<div align=\"center\">DISCO 4<\/div>\n<div align=\"center\">a feira de caruar\u00fa<\/div>\n<div align=\"center\">cacimba nova<\/div>\n<div align=\"center\">apologia ao jumento<\/div>\n<div align=\"center\">sanfona do povo<\/div>\n<div align=\"center\">oia eu aqui de novo<\/div>\n<div align=\"center\">meu araripe<\/div>\n<div align=\"center\">pense n&#8217;eu<\/div>\n<div align=\"center\">ovo de codorna<\/div>\n<div align=\"center\">serrote agudo<\/div>\n<div align=\"center\">a morte do vaqueiro<\/div>\n<div align=\"center\">capim novo<\/div>\n<div align=\"center\">a triste partida<\/div>\n<div align=\"center\"><\/div>\n<div align=\"center\">DISCO 5<\/div>\n<div align=\"center\">a vida do viajante<\/div>\n<div align=\"center\">danado de bom<\/div>\n<div align=\"center\">s\u00faplica cearence<\/div>\n<div align=\"center\">pagode russo<\/div>\n<div align=\"center\">forr\u00f3 n. 1<\/div>\n<div align=\"center\">sanfoneiro macho<\/div>\n<div align=\"center\">luar do sert\u00e3o<\/div>\n<div align=\"center\">obrigado jo\u00e3o paulo<\/div>\n<div align=\"center\">sanfoninha choradeira<\/div>\n<div align=\"center\">forr\u00f3 de cabo a rabo<\/div>\n<div align=\"center\">nem se despediu de mim<\/div>\n<div align=\"center\">depois da derradeira<\/div>\n<div align=\"center\"><\/div>\n<div align=\"center\"><\/div>\n<div align=\"center\"><\/div>\n<div align=\"center\"><\/div>\n","protected":false},"excerpt":{"rendered":"<p>Hoje \u00e9 um dia especial. Estamos comemorando o Dia do Pai. Digo pai porque acho que deveria se chamar assim, no singular da singularidade de cada um. Assim como o dia da m\u00e3e ou o dia da crian\u00e7a. Quando pluralizamos, &hellip; <a href=\"https:\/\/www.toque-musicall.com\/?p=1509\">Continue lendo <span class=\"meta-nav\">&rarr;<\/span><\/a><\/p>\n","protected":false},"author":1,"featured_media":0,"comment_status":"open","ping_status":"closed","sticky":false,"template":"","format":"standard","meta":{"footnotes":""},"categories":[222,70],"tags":[],"class_list":["post-1509","post","type-post","status-publish","format-standard","hentry","category-luiz-gonzaga","category-selo-rca-victor"],"_links":{"self":[{"href":"https:\/\/www.toque-musicall.com\/index.php?rest_route=\/wp\/v2\/posts\/1509","targetHints":{"allow":["GET"]}}],"collection":[{"href":"https:\/\/www.toque-musicall.com\/index.php?rest_route=\/wp\/v2\/posts"}],"about":[{"href":"https:\/\/www.toque-musicall.com\/index.php?rest_route=\/wp\/v2\/types\/post"}],"author":[{"embeddable":true,"href":"https:\/\/www.toque-musicall.com\/index.php?rest_route=\/wp\/v2\/users\/1"}],"replies":[{"embeddable":true,"href":"https:\/\/www.toque-musicall.com\/index.php?rest_route=%2Fwp%2Fv2%2Fcomments&post=1509"}],"version-history":[{"count":0,"href":"https:\/\/www.toque-musicall.com\/index.php?rest_route=\/wp\/v2\/posts\/1509\/revisions"}],"wp:attachment":[{"href":"https:\/\/www.toque-musicall.com\/index.php?rest_route=%2Fwp%2Fv2%2Fmedia&parent=1509"}],"wp:term":[{"taxonomy":"category","embeddable":true,"href":"https:\/\/www.toque-musicall.com\/index.php?rest_route=%2Fwp%2Fv2%2Fcategories&post=1509"},{"taxonomy":"post_tag","embeddable":true,"href":"https:\/\/www.toque-musicall.com\/index.php?rest_route=%2Fwp%2Fv2%2Ftags&post=1509"}],"curies":[{"name":"wp","href":"https:\/\/api.w.org\/{rel}","templated":true}]}}